{"id":134,"date":"2011-11-10T13:09:19","date_gmt":"2011-11-10T13:09:19","guid":{"rendered":"https:\/\/oncoestetica.es\/blog\/?p=134"},"modified":"2016-05-12T15:35:13","modified_gmt":"2016-05-12T15:35:13","slug":"alopecia","status":"publish","type":"post","link":"https:\/\/oncoestetica.es\/blog\/index.php\/2011\/11\/10\/alopecia\/","title":{"rendered":"Alopecia"},"content":{"rendered":"<p style=\"text-align: justify;\">Una de las alopecias con las hoy en d\u00eda nos encontramos, cada vez con m\u00e1s frecuencia, es la <strong>alopecia Areata<\/strong>. Se trata de un tipo de alopecia que se suele iniciar con una peque\u00f1a placa desprovista de pelo \u00f3 \u201cpelada\u201d de tama\u00f1o variable seg\u00fan el caso. Aparece sin ninguna causa conocida y su pron\u00f3stico es incierto. La mayor\u00eda son tratadas con corticoides, que en algunos casos pueden resolver el problema, pero no en todas se obtiene el mismo resultado.<\/p>\n<p style=\"text-align: justify;\">Cuando \u00e9sta alopecia sigue creciendo, puede llegara a provocar una <strong>alopecia total<\/strong> (p\u00e9rdida del cabello en la cabeza) <strong>o universal<\/strong> (<strong>p\u00e9rdida del cabello<\/strong> en todo el cuerpo)<\/p>\n<p style=\"text-align: justify;\">Ante estos casos, el afectado necesita varias opciones para solucionar el cambio de imagen.<\/p>\n<p style=\"text-align: justify;\">Primero le recomendar\u00edamos, una peluca o pr\u00f3tesis capilar para\u00a0 solucionar el problema de la p\u00e9rdida de cabello.<\/p>\n<p style=\"text-align: justify;\">Para la calle necesitar\u00e1 varias opciones si no quiere usar peluca o quiere descansar en alg\u00fan\u00a0 momento de ella. El uso de <a href=\"https:\/\/oncoestetica.es\/familiaproducto.php?Idfamilia=8\">pa\u00f1uelos, viseras y gorros<\/a>, es lo m\u00e1s c\u00f3modo y recomendable en estos casos. Adem\u00e1s necesitar\u00e1 un complemento de \u00e9ste tipo, f\u00e1cil de poner y quitar para poder aplicar alg\u00fan tipo de tratamiento de regeneraci\u00f3n del cabello.<\/p>\n<p style=\"text-align: justify;\">Tambi\u00e9n suele ser habitual, en este tipo de alopecia, l\u00e1p\u00e9rdia de cejas y pesta\u00f1as.<\/p>\n<p style=\"text-align: justify;\">La p\u00e9rdida de las cejas suele cambiar mucho la expresi\u00f3n de la cara. Por eso es importante maquillar las cejas de manera natural. <a href=\"https:\/\/oncoestetica.es\/verproducto.php?Idproductos=181\">El maquillaje especial para cejas Christian<\/a> (enlace tienda y v\u00eddeo), es una buena soluci\u00f3n en estos casos. Viene con 3 plantillas que ayudan a aplicar de manera correcta el maquillaje y nos dise\u00f1an la ceja perfectamente. Dura aproximadamente 24h y es resistente al agua.<\/p>\n<p style=\"text-align: justify;\">Otra soluci\u00f3n muy acertada y totalmente natural son las pr\u00f3tesis de cejas (enlace tienda) Las pr\u00f3tesis de cejas son un producto muy espec\u00edfico realizado en una base muy fina, transparente y de un apariencia como la piel, con cabello inyectado uno a uno. Se aplican mediante un adhesivo d\u00e9rmico especial y son totalmente indetectables.<\/p>\n<p style=\"text-align: justify;\">Debes elegir la forma o el arco que m\u00e1s se parezca al tuyo y tambi\u00e9n el color ha de ser el adecuado.<\/p>\n<p style=\"text-align: justify;\">Posteriormente le recomendar\u00eda el uso de productos espec\u00edficos para pieles sensibles.<\/p>\n","protected":false},"excerpt":{"rendered":"<p>Una de las alopecias con las hoy en d\u00eda nos encontramos, cada vez con m\u00e1s frecuencia, es la alopecia Areata. Se trata de un tipo de alopecia que se suele iniciar con una peque\u00f1a placa desprovista de pelo \u00f3 \u201cpelada\u201d de tama\u00f1o variable seg\u00fan el caso. Aparece sin ninguna causa conocida y su pron\u00f3stico es [&hellip;]<\/p>\n","protected":false},"author":1,"featured_media":0,"comment_status":"open","ping_status":"closed","sticky":false,"template":"","format":"standard","meta":{"_et_pb_use_builder":"","_et_pb_old_content":"","_et_gb_content_width":"","footnotes":""},"categories":[7,22,12],"tags":[49,47,48,51,31,32,30,50,29,24,52],"class_list":["post-134","post","type-post","status-publish","format-standard","hentry","category-consejos","category-informacion","category-productos","tag-alopecia-arreata","tag-alopecia-total","tag-alopecia-universal","tag-gorros-para-dormir","tag-panuelo-denim","tag-panuelo-denimvaquero","tag-panuelo-vaquero","tag-panuelos-con-visera","tag-panuelos-estilo","tag-panuelos-quimio","tag-turbantes"],"_links":{"self":[{"href":"https:\/\/oncoestetica.es\/blog\/index.php\/wp-json\/wp\/v2\/posts\/134","targetHints":{"allow":["GET"]}}],"collection":[{"href":"https:\/\/oncoestetica.es\/blog\/index.php\/wp-json\/wp\/v2\/posts"}],"about":[{"href":"https:\/\/oncoestetica.es\/blog\/index.php\/wp-json\/wp\/v2\/types\/post"}],"author":[{"embeddable":true,"href":"https:\/\/oncoestetica.es\/blog\/index.php\/wp-json\/wp\/v2\/users\/1"}],"replies":[{"embeddable":true,"href":"https:\/\/oncoestetica.es\/blog\/index.php\/wp-json\/wp\/v2\/comments?post=134"}],"version-history":[{"count":7,"href":"https:\/\/oncoestetica.es\/blog\/index.php\/wp-json\/wp\/v2\/posts\/134\/revisions"}],"predecessor-version":[{"id":3785,"href":"https:\/\/oncoestetica.es\/blog\/index.php\/wp-json\/wp\/v2\/posts\/134\/revisions\/3785"}],"wp:attachment":[{"href":"https:\/\/oncoestetica.es\/blog\/index.php\/wp-json\/wp\/v2\/media?parent=134"}],"wp:term":[{"taxonomy":"category","embeddable":true,"href":"https:\/\/oncoestetica.es\/blog\/index.php\/wp-json\/wp\/v2\/categories?post=134"},{"taxonomy":"post_tag","embeddable":true,"href":"https:\/\/oncoestetica.es\/blog\/index.php\/wp-json\/wp\/v2\/tags?post=134"}],"curies":[{"name":"wp","href":"https:\/\/api.w.org\/{rel}","templated":true}]}}