{"id":1938,"date":"2015-06-16T08:30:59","date_gmt":"2015-06-16T08:30:59","guid":{"rendered":"https:\/\/oncoestetica.es\/blog\/?p=1938"},"modified":"2015-06-16T10:44:00","modified_gmt":"2015-06-16T10:44:00","slug":"unas-quebradizas-por-quimio","status":"publish","type":"post","link":"https:\/\/oncoestetica.es\/blog\/index.php\/2015\/06\/16\/unas-quebradizas-por-quimio\/","title":{"rendered":"U\u00f1as Quebradizas por Quimio, \u00bfQu\u00e9 Puedo Hacer?"},"content":{"rendered":"<p><a rel=\"attachment wp-att-1939\" href=\"https:\/\/oncoestetica.es\/blog\/index.php\/2015\/06\/16\/unas-quebradizas-por-quimio\/unas-quebradizas-por-quimioterapia\/\"><img loading=\"lazy\" decoding=\"async\" class=\"size-full wp-image-1939 aligncenter\" title=\"unas-quebradizas-por-quimioterapia\" src=\"https:\/\/oncoestetica.es\/blog\/wp-content\/uploads\/unas-quebradizas-por-quimioterapia.jpg\" alt=\"u\u00f1as quebradizas\" width=\"625\" height=\"410\" srcset=\"https:\/\/oncoestetica.es\/blog\/wp-content\/uploads\/unas-quebradizas-por-quimioterapia.jpg 625w, https:\/\/oncoestetica.es\/blog\/wp-content\/uploads\/unas-quebradizas-por-quimioterapia-300x196.jpg 300w\" sizes=\"auto, (max-width: 625px) 100vw, 625px\" \/><\/a><\/p>\n<h2 style=\"text-align: center;\">La Quimioterapia afecta en el Crecimiento del Cabello y las U\u00f1as.<\/h2>\n<div>Por eso hoy nos vamos a centrar precisamente en c\u00f3mo podemos cuidar nuestras u\u00f1as si vaso a comenzar o estamos en un <strong>proceso oncol\u00f3gico<\/strong>.<\/div>\n<div>En muchos casos se producen lesiones que aumentan su grosor y parecen <strong>huecas y quebradiza<\/strong>s. Tambi\u00e9n podemos observar en muchos casos un cambio de color y aspecto de las u\u00f1as.<\/div>\n<div>Es imposible recuperar el aspecto natural de las u\u00f1as, una vez que se han producido las lesiones, pero podemos actuar antes de que aparezcan.<\/div>\n<div>Tambi\u00e9n es conveniente tratarlas una vez tenemos ya las <strong>u\u00f1as afectadas<\/strong>, porque as\u00ed, actuaremos en el correcto crecimiento de la u\u00f1a desde el momento de la aplicaci\u00f3n del tratamiento.<\/div>\n<div>Siempre vamos aplicar productos espec\u00edficos que sean de origen natural <strong>sin parabenes<\/strong>, para ello os recomendamos nuestra \u00faltima adquisici\u00f3n en <span style=\"color: #800000;\"><strong>ONCOESTETICA<\/strong><\/span> para u\u00f1as da\u00f1adas e incluso con hongos: <a title=\"fungusless\" href=\"https:\/\/oncoestetica.es\/unas-fungusless-fragiles-hongos\" target=\"_blank\">FUNGUSLESS<\/a>.<\/div>\n<div>Su composici\u00f3n con 5 activos naturales <strong>renueva las u\u00f1a<\/strong>s, eliminando la queratina amarilla, renovando su crecimiento normal y fortaleci\u00e9ndolas.<\/div>\n<div>Ademas, si comienzas a aplicarlo antes del tratamiento, minimizar\u00e1s mucho la aparici\u00f3n de \u00e9stas lesiones antiest\u00e9ticas.<\/div>\n<div style=\"text-align: center;\"><em><span style=\"text-decoration: underline;\"><strong>Sus activos principales son:<\/strong><\/span><\/em><\/div>\n<div>\n<div style=\"text-align: center;\">Aceite de argan, de \u00e1rbol de t\u00e9, de clavo, de romero y extracto de granada. Mejoras visibles en 2-4 semanas.<\/div>\n<div style=\"text-align: center;\"><a href=\"https:\/\/oncoestetica.es\/unas-fungusless-fragiles-hongos\"><img loading=\"lazy\" decoding=\"async\" class=\"alignnone size-full wp-image-1954\" title=\"fungusless-tratamiento\" src=\"https:\/\/oncoestetica.es\/blog\/wp-content\/uploads\/fungusless-tratamiento.jpg\" alt=\"tratamiento de u\u00f1as\" width=\"450\" height=\"450\" srcset=\"https:\/\/oncoestetica.es\/blog\/wp-content\/uploads\/fungusless-tratamiento.jpg 450w, https:\/\/oncoestetica.es\/blog\/wp-content\/uploads\/fungusless-tratamiento-150x150.jpg 150w, https:\/\/oncoestetica.es\/blog\/wp-content\/uploads\/fungusless-tratamiento-300x300.jpg 300w\" sizes=\"auto, (max-width: 450px) 100vw, 450px\" \/><\/a><\/div>\n<div>Se basa en una <strong>mezcla segura y natural <\/strong>de aceites esenciales que combaten la infecci\u00f3n. F\u00f3rmula cl\u00ednica y dermatol\u00f3gicamente probada.<\/div>\n<div><span style=\"text-decoration: underline;\"><em><strong>*Recuerda:<\/strong><\/em><\/span> <em>No debes realizar manicuras ni pedicuras por el riesgo de infecciones si se produce alg\u00fan corte. No es aconsejable el uso de esmaltes, pero si los usas, para disimular las u\u00f1as ya da\u00f1adas, procura que sean de buena calidad y que tu u\u00f1a \u201crespire\u201d de vez en cuando.<\/em><\/div>\n<h2 style=\"text-align: center;\"><a title=\"tratamiento unas quebradizas\" href=\"https:\/\/www.youtube.com\/watch?v=yCGF1OtUtxQ\" target=\"_blank\">\u00bfQuieres ver como Funciona? Accede al V\u00eddeo Tutorial<\/a><\/h2>\n<\/div>\n","protected":false},"excerpt":{"rendered":"<p>La Quimioterapia afecta en el Crecimiento del Cabello y las U\u00f1as. Por eso hoy nos vamos a centrar precisamente en c\u00f3mo podemos cuidar nuestras u\u00f1as si vaso a comenzar o estamos en un proceso oncol\u00f3gico. En muchos casos se producen lesiones que aumentan su grosor y parecen huecas y quebradizas. Tambi\u00e9n podemos observar en muchos [&hellip;]<\/p>\n","protected":false},"author":1,"featured_media":0,"comment_status":"open","ping_status":"closed","sticky":false,"template":"","format":"standard","meta":{"_et_pb_use_builder":"","_et_pb_old_content":"","_et_gb_content_width":"","footnotes":""},"categories":[7,22,12],"tags":[121,224,1132,1133,203,1130,1131,1128,1129],"class_list":["post-1938","post","type-post","status-publish","format-standard","hentry","category-consejos","category-informacion","category-productos","tag-efectos-quimio","tag-estetica-oncologica","tag-fungusless","tag-lesiones-en-las-unas","tag-quimioterapia","tag-tratamiento-de-unas","tag-tratamiento-unas","tag-unas-quebradizas","tag-unas-quiebradizas"],"_links":{"self":[{"href":"https:\/\/oncoestetica.es\/blog\/index.php\/wp-json\/wp\/v2\/posts\/1938","targetHints":{"allow":["GET"]}}],"collection":[{"href":"https:\/\/oncoestetica.es\/blog\/index.php\/wp-json\/wp\/v2\/posts"}],"about":[{"href":"https:\/\/oncoestetica.es\/blog\/index.php\/wp-json\/wp\/v2\/types\/post"}],"author":[{"embeddable":true,"href":"https:\/\/oncoestetica.es\/blog\/index.php\/wp-json\/wp\/v2\/users\/1"}],"replies":[{"embeddable":true,"href":"https:\/\/oncoestetica.es\/blog\/index.php\/wp-json\/wp\/v2\/comments?post=1938"}],"version-history":[{"count":17,"href":"https:\/\/oncoestetica.es\/blog\/index.php\/wp-json\/wp\/v2\/posts\/1938\/revisions"}],"predecessor-version":[{"id":1958,"href":"https:\/\/oncoestetica.es\/blog\/index.php\/wp-json\/wp\/v2\/posts\/1938\/revisions\/1958"}],"wp:attachment":[{"href":"https:\/\/oncoestetica.es\/blog\/index.php\/wp-json\/wp\/v2\/media?parent=1938"}],"wp:term":[{"taxonomy":"category","embeddable":true,"href":"https:\/\/oncoestetica.es\/blog\/index.php\/wp-json\/wp\/v2\/categories?post=1938"},{"taxonomy":"post_tag","embeddable":true,"href":"https:\/\/oncoestetica.es\/blog\/index.php\/wp-json\/wp\/v2\/tags?post=1938"}],"curies":[{"name":"wp","href":"https:\/\/api.w.org\/{rel}","templated":true}]}}