{"id":2053,"date":"2015-08-18T08:00:37","date_gmt":"2015-08-18T08:00:37","guid":{"rendered":"https:\/\/oncoestetica.es\/blog\/?p=2053"},"modified":"2016-05-12T17:35:43","modified_gmt":"2016-05-12T17:35:43","slug":"oncoestetica-tienda-online-de-estetica-oncologica","status":"publish","type":"post","link":"https:\/\/oncoestetica.es\/blog\/index.php\/2015\/08\/18\/oncoestetica-tienda-online-de-estetica-oncologica\/","title":{"rendered":"Oncoest\u00e9tica, Tienda Online de Est\u00e9tica Oncol\u00f3gica."},"content":{"rendered":"<h2 style=\"text-align: center;\"><a rel=\"attachment wp-att-2063\" href=\"https:\/\/oncoestetica.es\/blog\/index.php\/2015\/08\/18\/oncoestetica-tienda-online-de-estetica-oncologica\/oncoestetica-8\/\"><img loading=\"lazy\" decoding=\"async\" class=\"alignnone size-full wp-image-2063\" title=\"oncoestetica\" src=\"https:\/\/oncoestetica.es\/blog\/wp-content\/uploads\/oncoestetica.jpeg\" alt=\"estetica oncologica\" width=\"900\" height=\"371\" srcset=\"https:\/\/oncoestetica.es\/blog\/wp-content\/uploads\/oncoestetica.jpeg 900w, https:\/\/oncoestetica.es\/blog\/wp-content\/uploads\/oncoestetica-300x123.jpg 300w\" sizes=\"auto, (max-width: 900px) 100vw, 900px\" \/><\/a><\/h2>\n<h2 style=\"text-align: center;\">\u00a1MILLONES DE GRACIAS!<\/h2>\n<div style=\"text-align: center;\">&#8211;&gt; Muchas personas nos preguntan &lt;&#8211;<\/div>\n<h2 style=\"text-align: center;\">\u00bfComo nace Oncoest\u00e9tica? \u00bfQu\u00e9 es Oncoest\u00e9tica?<\/h2>\n<div><strong>Oncoest\u00e9tica<\/strong> es una firma que nace fruto del trabajo y el af\u00e1n por encontrar productos espec\u00edficos y soluciones adecuadas, para paliar los cambios est\u00e9ticos producidos por la Quimioterpia \/Radioterapia.<\/div>\n<div>Todo ello nos hizo desarrollarnos en Zaragoza como un centro INTEGRAL \u00a0para tratar la est\u00e9tica y la imagen de hombres y mujeres durante el proceso.<\/div>\n<div>Dedicada a \u00a0seleccionar los mejores productos \u00a0para cada caso, nuestra Directora Jenifer, encontr\u00f3 en las nuevas tecnolog\u00edas el portal para ayudar a muchas personas, a conseguir con un solo click, un pa\u00f1uelo adaptado o una <strong>crema para radioterapia<\/strong>, adem\u00e1s de la ventaja de recibirla en su casa y sin desplazamientos.<\/div>\n<div>Nuestras lineas naturales, de radioterapia, pa\u00f1uelos adaptados y <strong>pelucas oncol\u00f3gicas<\/strong> son muy conocidas y <strong>recomendadas por onc\u00f3logos<\/strong> y <strong>radi\u00f3logos<\/strong> por su calidad.<\/div>\n<div><a rel=\"attachment wp-att-2067\" href=\"https:\/\/oncoestetica.es\/blog\/index.php\/2015\/08\/18\/oncoestetica-tienda-online-de-estetica-oncologica\/turbantes-quimio-2\/\"><img loading=\"lazy\" decoding=\"async\" class=\"alignnone size-full wp-image-2067\" title=\"turbantes-quimio\" src=\"https:\/\/oncoestetica.es\/blog\/wp-content\/uploads\/turbantes-quimio1.jpg\" alt=\"turbantes quimioterapia\" width=\"1476\" height=\"984\" srcset=\"https:\/\/oncoestetica.es\/blog\/wp-content\/uploads\/turbantes-quimio1.jpg 1476w, https:\/\/oncoestetica.es\/blog\/wp-content\/uploads\/turbantes-quimio1-300x200.jpg 300w, https:\/\/oncoestetica.es\/blog\/wp-content\/uploads\/turbantes-quimio1-1024x682.jpg 1024w\" sizes=\"auto, (max-width: 1476px) 100vw, 1476px\" \/><\/a><\/div>\n<div>Durante este largo proceso de selecci\u00f3n, que comenz\u00f3 en 1996, hemos incorporado productos que nos han ayudado much\u00edsimo, como el <strong>maquillaje para cejas<\/strong>, fortalecedores de pesta\u00f1as y cejas, cremas solares sin parabenos, <strong>pelucas Ellen Wille<\/strong> con el dise\u00f1o y transpiraci\u00f3n numero 1 del mercado mundial, etc\u2026<\/div>\n<div>Adem\u00e1s tenemos la suerte de ser un referente en el sector, porque fuimos los primeros en abrir en Espa\u00f1a una Tienda Online dedicada de manera \u00a0integral a la<strong> Est\u00e9tica Oncol\u00f3gica<\/strong>.<\/div>\n<div>Desde aqu\u00ed les damos las gracias a todas aquellas personas que nos han hecho ver que nuestra labor es importante con sus mensajes de agradecimiento y cari\u00f1o en momentos muy complicados. GRACIAS a vostr@s por haber confiado en nuestro equipo, \u00a0porque adem\u00e1s nos hab\u00e9is ense\u00f1ado mucho y hemos intentado estar con tod@s en cada momento.<\/div>\n<div>Por eso, nada nos puede satisfacer m\u00e1s que una sonrisa de agradecimiento, por conseguir encontrar para cada uno de nuestros clientes, las soluciones m\u00e1s adecuadas. Porque entendemos que la situaci\u00f3n es muy complicada, la vida se para y todo cambia a nuestro alrededor.<\/div>\n<h2 style=\"text-align: center;\"><a href=\"https:\/\/oncoestetica.es\/\"><img loading=\"lazy\" decoding=\"async\" class=\"alignnone size-full wp-image-2056\" title=\"oncoestetica\" src=\"https:\/\/oncoestetica.es\/blog\/wp-content\/uploads\/oncoestetica5.png\" alt=\"estetica oncologica\" width=\"447\" height=\"103\" srcset=\"https:\/\/oncoestetica.es\/blog\/wp-content\/uploads\/oncoestetica5.png 447w, https:\/\/oncoestetica.es\/blog\/wp-content\/uploads\/oncoestetica5-300x69.png 300w\" sizes=\"auto, (max-width: 447px) 100vw, 447px\" \/><\/a><\/h2>\n<div>Sabemos que son muchas las dudas que tenemos que resolver a nivel est\u00e9tico, por eso te recomendamos el Blog, tiene mucha informaci\u00f3n concreta para ti, experiencias personales, productos espec\u00edficos, consejos y cuidados&#8230; Una Enciclopedia sobre la <strong>Est\u00e9tica Oncol\u00f3gica<\/strong>.<\/div>\n<div>Gracias por escucharnos, consulta cualquier duda que te pueda surgir y cuenta con los apoyos m\u00e1s firmes para este momento dif\u00edcil que son: tu familia, amigos, sanitarios y profesionales del sector.<\/div>\n<div style=\"text-align: center;\">Todos nosotros estamos aqu\u00ed para lo que necesites.<\/div>\n<h2 style=\"text-align: center;\">Un abrazo muy fuerte del <span style=\"color: #800000;\">EQUIPO DE ONCOESTETICA<\/span><\/h2>\n","protected":false},"excerpt":{"rendered":"<p>\u00a1MILLONES DE GRACIAS! &#8211;&gt; Muchas personas nos preguntan &lt;&#8211; \u00bfComo nace Oncoest\u00e9tica? \u00bfQu\u00e9 es Oncoest\u00e9tica? Oncoest\u00e9tica es una firma que nace fruto del trabajo y el af\u00e1n por encontrar productos espec\u00edficos y soluciones adecuadas, para paliar los cambios est\u00e9ticos producidos por la Quimioterpia \/Radioterapia. Todo ello nos hizo desarrollarnos en Zaragoza como un centro INTEGRAL [&hellip;]<\/p>\n","protected":false},"author":1,"featured_media":0,"comment_status":"open","ping_status":"closed","sticky":false,"template":"","format":"standard","meta":{"_et_pb_use_builder":"","_et_pb_old_content":"","_et_gb_content_width":"","footnotes":""},"categories":[7,22],"tags":[68,292,1146,1032,224,945,150,1037,1145],"class_list":["post-2053","post","type-post","status-publish","format-standard","hentry","category-consejos","category-informacion","tag-alopecia","tag-cancer","tag-crema-para-radioterapia","tag-ellen-wille","tag-estetica-oncologica","tag-maquillaje-de-cejas","tag-oncoestetica","tag-pelucas-oncologicas","tag-recomendado-por-oncologos"],"_links":{"self":[{"href":"https:\/\/oncoestetica.es\/blog\/index.php\/wp-json\/wp\/v2\/posts\/2053","targetHints":{"allow":["GET"]}}],"collection":[{"href":"https:\/\/oncoestetica.es\/blog\/index.php\/wp-json\/wp\/v2\/posts"}],"about":[{"href":"https:\/\/oncoestetica.es\/blog\/index.php\/wp-json\/wp\/v2\/types\/post"}],"author":[{"embeddable":true,"href":"https:\/\/oncoestetica.es\/blog\/index.php\/wp-json\/wp\/v2\/users\/1"}],"replies":[{"embeddable":true,"href":"https:\/\/oncoestetica.es\/blog\/index.php\/wp-json\/wp\/v2\/comments?post=2053"}],"version-history":[{"count":32,"href":"https:\/\/oncoestetica.es\/blog\/index.php\/wp-json\/wp\/v2\/posts\/2053\/revisions"}],"predecessor-version":[{"id":3876,"href":"https:\/\/oncoestetica.es\/blog\/index.php\/wp-json\/wp\/v2\/posts\/2053\/revisions\/3876"}],"wp:attachment":[{"href":"https:\/\/oncoestetica.es\/blog\/index.php\/wp-json\/wp\/v2\/media?parent=2053"}],"wp:term":[{"taxonomy":"category","embeddable":true,"href":"https:\/\/oncoestetica.es\/blog\/index.php\/wp-json\/wp\/v2\/categories?post=2053"},{"taxonomy":"post_tag","embeddable":true,"href":"https:\/\/oncoestetica.es\/blog\/index.php\/wp-json\/wp\/v2\/tags?post=2053"}],"curies":[{"name":"wp","href":"https:\/\/api.w.org\/{rel}","templated":true}]}}