{"id":2129,"date":"2015-09-29T08:00:44","date_gmt":"2015-09-29T08:00:44","guid":{"rendered":"https:\/\/oncoestetica.es\/blog\/?p=2129"},"modified":"2016-05-12T16:32:09","modified_gmt":"2016-05-12T16:32:09","slug":"gorros-oncologicos-para-casa","status":"publish","type":"post","link":"https:\/\/oncoestetica.es\/blog\/index.php\/2015\/09\/29\/gorros-oncologicos-para-casa\/","title":{"rendered":"Gorritos Oncol\u00f3gicos para estar en Casa."},"content":{"rendered":"<h2 style=\"text-align: center;\"><a rel=\"attachment wp-att-2135\" href=\"https:\/\/oncoestetica.es\/blog\/index.php\/2015\/09\/29\/gorros-oncologicos-para-casa\/gorritos-dormir\/\"><img loading=\"lazy\" decoding=\"async\" class=\"alignnone size-full wp-image-2135\" title=\"gorritos-dormir\" src=\"https:\/\/oncoestetica.es\/blog\/wp-content\/uploads\/gorritos-dormir.jpg\" alt=\"gorro de dormir\" width=\"320\" height=\"320\" srcset=\"https:\/\/oncoestetica.es\/blog\/wp-content\/uploads\/gorritos-dormir.jpg 320w, https:\/\/oncoestetica.es\/blog\/wp-content\/uploads\/gorritos-dormir-150x150.jpg 150w, https:\/\/oncoestetica.es\/blog\/wp-content\/uploads\/gorritos-dormir-300x300.jpg 300w\" sizes=\"auto, (max-width: 320px) 100vw, 320px\" \/><\/a><\/h2>\n<h2 style=\"text-align: center;\"><em><strong>*Consulta de una Luchadora:<\/strong><\/em><\/h2>\n<div style=\"text-align: left;\">He comenzado un T<strong>ratamiento con Quimioterapia<\/strong> y \u00a0despu\u00e9s me pondr\u00e1n <strong>Radioterapia<\/strong>, porque tengo c\u00e1ncer de ovario. Me he comprado una <strong>peluca de Raquel Welch<\/strong> y estoy muy contenta, pero me gustar\u00eda tener <strong>alg\u00fan gorrito para estar en casa <\/strong>cuando me la quito. No me gusta verme sin el pelo porque me deprime mucho. Tampoco quiero gastar mucho dinero m\u00e1s.<\/div>\n<div style=\"text-align: center;\">\u00bfQu\u00e9 me aconsejan para mi?<\/div>\n<h2 style=\"text-align: center;\"><em><strong>*El Equipo de Oncoest\u00e9tica te Ayuda:<\/strong><\/em><\/h2>\n<div style=\"text-align: left;\">Es muy habitual, que cuando ya has gastado un dinero en la peluca, no necesites muchos pa\u00f1uelos. Por eso hoy te vamos a recomendar algunos de la colecci\u00f3n VIVA \u00a0de <strong>Christine Headwear<\/strong>.<\/div>\n<div style=\"text-align: left;\">Ya ver\u00e1s, son muy c\u00f3modos y muy econ\u00f3micos. Su precio no sube de 19\u20ac, son una maravilla para estar en casa. Ya sabes que son especiales para <strong>alopecia por quimioterapia<\/strong>.<\/div>\n<div style=\"text-align: left;\">Aparentemente los ver\u00e1s muy sencillos, pero est\u00e1n dise\u00f1ados como <strong>gorritos oncol\u00f3gicos<\/strong>. Cubren muy bien toda la cabeza, no resbalan y hasta puedes dormir con ellos. En invierno, tanto para estar en casa, como para dormir, necesitas mantener la temperatura de tu <strong>cuero cabelludo<\/strong>, para que no sientas fr\u00edo.<\/div>\n<div style=\"text-align: left;\">Adem\u00e1s, te ver\u00e1s muy bien y descansar\u00e1s de la peluca cuando llegues a casa. Te aconsejamos que utilices la peluca s\u00f3lo para la calle o para verte bien si tienes alguna visita, pero cuando est\u00e1s tranquila en casa o si tienes que estar muchas horas en el hospital, te resultar\u00e1n muy pr\u00e1cticos.<\/div>\n<div style=\"text-align: center;\"><span style=\"text-decoration: underline;\"><em>Tienes 2 tipos en varios colores:<\/em><\/span><\/div>\n<div style=\"text-align: left;\">&#8211; El <a title=\"gorro christine\" href=\"https:\/\/oncoestetica.es\/gorro-christine-1039-323-ocnologico-precio-bajo\" target=\"_blank\">Gorro Amablis<\/a> es de algod\u00f3n el\u00e1stico y se adapta muy bien.<\/div>\n<div style=\"text-align: left;\">&#8211; El <a title=\"gorro vitale\" href=\"https:\/\/oncoestetica.es\/gorro-christine-8274-326-ocnologico-precio-bajo\" target=\"_blank\">Modelo Vitale<\/a>, es muy amoroso, porque tiene un tejido de algod\u00f3n muy suave en canal\u00e9, que sienta fenomenal. Es importante que los tejidos sean suaves y naturales.<\/div>\n<div style=\"text-align: left;\">Mucho \u00e1nimo desde Oncoest\u00e9tica y gracias por compartir tu caso con nosotros.<\/div>\n<h2 style=\"text-align: center;\">Te dejo el Link:\u00a0<a title=\"gorros de dormir\" href=\"https:\/\/oncoestetica.es\/gorros-christine-low-cost\" target=\"_blank\">Gorritos de Dormir y B\u00e1sicos Christine Colection<\/a><\/h2>\n<div style=\"text-align: center;\"><a href=\"https:\/\/oncoestetica.es\/gorros-christine-low-cost\"><img loading=\"lazy\" decoding=\"async\" class=\"alignnone size-full wp-image-2130\" title=\"gorro-para-dormir\" src=\"https:\/\/oncoestetica.es\/blog\/wp-content\/uploads\/gorro-para-dormir1.jpg\" alt=\"gorro dormir\" width=\"450\" height=\"450\" srcset=\"https:\/\/oncoestetica.es\/blog\/wp-content\/uploads\/gorro-para-dormir1.jpg 450w, https:\/\/oncoestetica.es\/blog\/wp-content\/uploads\/gorro-para-dormir1-150x150.jpg 150w, https:\/\/oncoestetica.es\/blog\/wp-content\/uploads\/gorro-para-dormir1-300x300.jpg 300w\" sizes=\"auto, (max-width: 450px) 100vw, 450px\" \/><\/a><\/div>\n<h2 style=\"text-align: center;\"><strong>\u00a1Un Fuerte Abrazo Luchadora!<\/strong><\/h2>\n","protected":false},"excerpt":{"rendered":"<p>*Consulta de una Luchadora: He comenzado un Tratamiento con Quimioterapia y \u00a0despu\u00e9s me pondr\u00e1n Radioterapia, porque tengo c\u00e1ncer de ovario. Me he comprado una peluca de Raquel Welch y estoy muy contenta, pero me gustar\u00eda tener alg\u00fan gorrito para estar en casa cuando me la quito. No me gusta verme sin el pelo porque me [&hellip;]<\/p>\n","protected":false},"author":1,"featured_media":0,"comment_status":"open","ping_status":"closed","sticky":false,"template":"","format":"standard","meta":{"_et_pb_use_builder":"","_et_pb_old_content":"","_et_gb_content_width":"","footnotes":""},"categories":[1006,7,12],"tags":[68,877,1155,1153,1154,544,1156,1149,203,204,1028],"class_list":["post-2129","post","type-post","status-publish","format-standard","hentry","category-alopecia-caida-del-cabello","category-consejos","category-productos","tag-alopecia","tag-christine-colection","tag-gorritos-alopecia","tag-gorritos-de-dormir","tag-gorritos-para-casa","tag-gorritos-para-dormir","tag-gorro-para-casa","tag-gorros-oncologicos","tag-quimioterapia","tag-radioterapia","tag-raquel-welch"],"_links":{"self":[{"href":"https:\/\/oncoestetica.es\/blog\/index.php\/wp-json\/wp\/v2\/posts\/2129","targetHints":{"allow":["GET"]}}],"collection":[{"href":"https:\/\/oncoestetica.es\/blog\/index.php\/wp-json\/wp\/v2\/posts"}],"about":[{"href":"https:\/\/oncoestetica.es\/blog\/index.php\/wp-json\/wp\/v2\/types\/post"}],"author":[{"embeddable":true,"href":"https:\/\/oncoestetica.es\/blog\/index.php\/wp-json\/wp\/v2\/users\/1"}],"replies":[{"embeddable":true,"href":"https:\/\/oncoestetica.es\/blog\/index.php\/wp-json\/wp\/v2\/comments?post=2129"}],"version-history":[{"count":18,"href":"https:\/\/oncoestetica.es\/blog\/index.php\/wp-json\/wp\/v2\/posts\/2129\/revisions"}],"predecessor-version":[{"id":3817,"href":"https:\/\/oncoestetica.es\/blog\/index.php\/wp-json\/wp\/v2\/posts\/2129\/revisions\/3817"}],"wp:attachment":[{"href":"https:\/\/oncoestetica.es\/blog\/index.php\/wp-json\/wp\/v2\/media?parent=2129"}],"wp:term":[{"taxonomy":"category","embeddable":true,"href":"https:\/\/oncoestetica.es\/blog\/index.php\/wp-json\/wp\/v2\/categories?post=2129"},{"taxonomy":"post_tag","embeddable":true,"href":"https:\/\/oncoestetica.es\/blog\/index.php\/wp-json\/wp\/v2\/tags?post=2129"}],"curies":[{"name":"wp","href":"https:\/\/api.w.org\/{rel}","templated":true}]}}