{"id":2328,"date":"2015-11-03T08:00:34","date_gmt":"2015-11-03T08:00:34","guid":{"rendered":"https:\/\/oncoestetica.es\/blog\/?p=2328"},"modified":"2016-05-12T16:32:09","modified_gmt":"2016-05-12T16:32:09","slug":"gorro-bajo-peluca","status":"publish","type":"post","link":"https:\/\/oncoestetica.es\/blog\/index.php\/2015\/11\/03\/gorro-bajo-peluca\/","title":{"rendered":"\u00bfTienes Fr\u00edo en Invierno con tu Peluca?"},"content":{"rendered":"<p style=\"text-align: center;\"><a rel=\"attachment wp-att-2332\" href=\"https:\/\/oncoestetica.es\/blog\/index.php\/2015\/11\/03\/gorro-bajo-peluca\/frio-cabeza\/\"><img loading=\"lazy\" decoding=\"async\" class=\"alignnone size-full wp-image-2332\" title=\"frio-cabeza\" src=\"https:\/\/oncoestetica.es\/blog\/wp-content\/uploads\/frio-cabeza.jpg\" alt=\"gorro-alopecia-peluca\" width=\"680\" height=\"402\" srcset=\"https:\/\/oncoestetica.es\/blog\/wp-content\/uploads\/frio-cabeza.jpg 680w, https:\/\/oncoestetica.es\/blog\/wp-content\/uploads\/frio-cabeza-300x177.jpg 300w\" sizes=\"auto, (max-width: 680px) 100vw, 680px\" \/><\/a><\/p>\n<p style=\"text-align: center;\"><em><span style=\"text-decoration: underline;\">Consulta desde Madrid:<\/span><\/em><\/p>\n<p>Tengo <strong>Alopecia total <\/strong>desde hace 10 a\u00f1os y siempre llevo <strong>peluca<\/strong>. Cada vez est\u00e1n mejor acabadas, pero aun as\u00ed me ocurre que en invierno tengo fr\u00edo en la cabeza y en verano calor y me suda mucho. El otro d\u00eda vi que ten\u00edais un <strong>gorrito para debajo de la peluca<\/strong> y me gustar\u00eda saber como es y si me puede solucionar el problema, porque lo paso fatal, en verano hasta me pica la piel&#8230;<\/p>\n<div>\n<div style=\"text-align: center;\"><em><span style=\"text-decoration: underline;\">Nuestro Consejo:<\/span><\/em><\/div>\n<div style=\"text-align: center;\"><em><span style=\"text-decoration: underline;\"><\/span><\/em><\/div>\n<div>Tu caso es muy com\u00fan. El <strong>GORRO PARA PELUCAS <\/strong>es el producto que necesitas.<\/div>\n<div>Se utiliza para los siguientes casos:<\/div>\n<div>&#8211; Irritaci\u00f3n en la piel por roce de la peluca.<\/div>\n<div>&#8211; Picor o alergia a los tejidos de la peluca.<\/div>\n<div>&#8211; Fr\u00edo, calor y sudaci\u00f3n<\/div>\n<div>&#8211; Protecci\u00f3n e higiene de tu peluca.<\/div>\n<div>Las pelucas, por muy transpirables que sean, a veces, producen efectos no deseados, que podemos solucionar con el <strong>Gorrito para Pelucas<\/strong>.<\/div>\n<div>Este gorrito, mantiene la temperatura del cuero cabelludo permitiendo la transpiraci\u00f3n. Esta hecho con fibras suaves de bamb\u00fa. Su color es como el de tu piel, y su contorno est\u00e1 dise\u00f1ado para que no se vea alrededor, siempre queda oculto bajo tu peluca. \u00a0Es muy fino para que no te aporte ning\u00fan volumen y permite <strong>proteger tu piel de la peluca<\/strong>.<\/div>\n<div>Tambi\u00e9n la protege del fr\u00edo y evita la sudoraci\u00f3n excesiva. Suave como la seda con tu piel y con un tratamiento de aloe vera para darle un mejor cuidado.<\/div>\n<div><\/div>\n<h3 style=\"text-align: center;\">&#8211;&gt;Especialmente Diese\u00f1ado sin consturas para Evitar Roces Inc\u00f3modos&lt;&#8211;<\/h3>\n<div><a href=\"https:\/\/oncoestetica.es\/gorro-proteccion-peluca-alopecia-christine\"><img loading=\"lazy\" decoding=\"async\" class=\"size-full wp-image-2329 aligncenter\" title=\"gorrito-bajo-peluca\" src=\"https:\/\/oncoestetica.es\/blog\/wp-content\/uploads\/gorrito-bajo-peluca.jpg\" alt=\"gorrito bajo peluca\" width=\"450\" height=\"450\" srcset=\"https:\/\/oncoestetica.es\/blog\/wp-content\/uploads\/gorrito-bajo-peluca.jpg 450w, https:\/\/oncoestetica.es\/blog\/wp-content\/uploads\/gorrito-bajo-peluca-150x150.jpg 150w, https:\/\/oncoestetica.es\/blog\/wp-content\/uploads\/gorrito-bajo-peluca-300x300.jpg 300w\" sizes=\"auto, (max-width: 450px) 100vw, 450px\" \/><\/a><\/div>\n<h3 style=\"text-align: center;\">\u00a1Esperamos que te sirva de Ayuda!<\/h3>\n<\/div>\n<p style=\"text-align: center;\">1 Beso de todo el <strong>Equipo de Oncoest\u00e9tica<\/strong>.<\/p>\n","protected":false},"excerpt":{"rendered":"<p>Consulta desde Madrid: Tengo Alopecia total desde hace 10 a\u00f1os y siempre llevo peluca. Cada vez est\u00e1n mejor acabadas, pero aun as\u00ed me ocurre que en invierno tengo fr\u00edo en la cabeza y en verano calor y me suda mucho. El otro d\u00eda vi que ten\u00edais un gorrito para debajo de la peluca y me [&hellip;]<\/p>\n","protected":false},"author":1,"featured_media":0,"comment_status":"open","ping_status":"closed","sticky":false,"template":"","format":"standard","meta":{"_et_pb_use_builder":"","_et_pb_old_content":"","_et_gb_content_width":"","footnotes":""},"categories":[1006,7,22,1117,12],"tags":[68,47,877,224,1168,1169,1165,1167,680,1166,1028],"class_list":["post-2328","post","type-post","status-publish","format-standard","hentry","category-alopecia-caida-del-cabello","category-consejos","category-informacion","category-pelucas-oncologicas-y-alopecia","category-productos","tag-alopecia","tag-alopecia-total","tag-christine-colection","tag-estetica-oncologica","tag-frio-pelucas","tag-gorrito-pelucas","tag-gorro-bajo-peluca","tag-gorro-para-pelucas","tag-pelucas","tag-pelucas-gorros","tag-raquel-welch"],"_links":{"self":[{"href":"https:\/\/oncoestetica.es\/blog\/index.php\/wp-json\/wp\/v2\/posts\/2328","targetHints":{"allow":["GET"]}}],"collection":[{"href":"https:\/\/oncoestetica.es\/blog\/index.php\/wp-json\/wp\/v2\/posts"}],"about":[{"href":"https:\/\/oncoestetica.es\/blog\/index.php\/wp-json\/wp\/v2\/types\/post"}],"author":[{"embeddable":true,"href":"https:\/\/oncoestetica.es\/blog\/index.php\/wp-json\/wp\/v2\/users\/1"}],"replies":[{"embeddable":true,"href":"https:\/\/oncoestetica.es\/blog\/index.php\/wp-json\/wp\/v2\/comments?post=2328"}],"version-history":[{"count":20,"href":"https:\/\/oncoestetica.es\/blog\/index.php\/wp-json\/wp\/v2\/posts\/2328\/revisions"}],"predecessor-version":[{"id":3816,"href":"https:\/\/oncoestetica.es\/blog\/index.php\/wp-json\/wp\/v2\/posts\/2328\/revisions\/3816"}],"wp:attachment":[{"href":"https:\/\/oncoestetica.es\/blog\/index.php\/wp-json\/wp\/v2\/media?parent=2328"}],"wp:term":[{"taxonomy":"category","embeddable":true,"href":"https:\/\/oncoestetica.es\/blog\/index.php\/wp-json\/wp\/v2\/categories?post=2328"},{"taxonomy":"post_tag","embeddable":true,"href":"https:\/\/oncoestetica.es\/blog\/index.php\/wp-json\/wp\/v2\/tags?post=2328"}],"curies":[{"name":"wp","href":"https:\/\/api.w.org\/{rel}","templated":true}]}}