{"id":3985,"date":"2016-06-28T13:28:30","date_gmt":"2016-06-28T11:28:30","guid":{"rendered":"https:\/\/oncoestetica.es\/blog\/?p=3985"},"modified":"2016-06-28T13:33:02","modified_gmt":"2016-06-28T11:33:02","slug":"productos-de-cosmetica-especifica","status":"publish","type":"post","link":"https:\/\/oncoestetica.es\/blog\/index.php\/2016\/06\/28\/productos-de-cosmetica-especifica\/","title":{"rendered":"Productos de Cosm\u00e9tica Espec\u00edficos para Quimio y Radio."},"content":{"rendered":"<p class=\"x_MsoNormal\"><img loading=\"lazy\" decoding=\"async\" class=\"size-full wp-image-3994 aligncenter\" src=\"https:\/\/oncoestetica.es\/blog\/wp-content\/uploads\/sesderma-skin.jpg\" alt=\"sesderma skin\" width=\"604\" height=\"243\" srcset=\"https:\/\/oncoestetica.es\/blog\/wp-content\/uploads\/sesderma-skin.jpg 604w, https:\/\/oncoestetica.es\/blog\/wp-content\/uploads\/sesderma-skin-300x121.jpg 300w\" sizes=\"auto, (max-width: 604px) 100vw, 604px\" \/><\/p>\n<p class=\"x_MsoNormal\"><span style=\"color: #800000;\"><b><span style=\"text-decoration: underline;\"><em>Consulta de una Luchadora<\/em><\/span>:<\/b><\/span>Mi duda es respecto a los <strong>Productos de Cosm\u00e9tica<\/strong> que trabajais, \u00bfTodos est\u00e1n indicados en <strong>tratamientos con Quimioterapia<\/strong> y<strong>\u00a0Radioterapia<\/strong>? Sobre todo estoy interesada en <strong>sesderma<\/strong>.<\/p>\n<p><b>*Solicita informaci\u00f3n:<\/b>&#8211;\u00a0Quimioterapia-\u00a0Radioterapia<\/p>\n<p class=\"x_MsoNormal\"><span style=\"color: #800000;\"><span style=\"text-decoration: underline;\"><em><strong>\u00a0Oncoest\u00e9tica te ayuda<\/strong><\/em><\/span><em><strong>:<\/strong><\/em><\/span><\/p>\n<p class=\"x_MsoNormal\">La l\u00ednea de Cosmeclinik est\u00e1 desarrollada para RADIOTERAPIA, son productos formulados espec\u00edficamente para estos tratamientos y tambi\u00e9n se usan durante la quimioterapia por su alto contenido en AVENA SATIVA y regeneradores de la piel da\u00f1ada.<\/p>\n<h3 style=\"text-align: center;\"><a href=\"https:\/\/oncoestetica.es\/linea-radioterapia\"><em>&gt;&gt;Cuidado de la Piel&lt;&lt;<\/em><\/a><\/h3>\n<p class=\"x_MsoNormal\">Los productos de cosm\u00e9tica natural \u00a0de laboratorios <strong>HELAN<\/strong> son <strong>ECO-BIO<\/strong> con ingredientes muy adecuados por su hidrataci\u00f3n y cuidado de pieles sensibles.<\/p>\n<p class=\"x_MsoNormal\">Nos preguntas por <strong>Laboratorios Sesderma<\/strong>, a continuaci\u00f3n te indicamos que caracter\u00edsticas tienen y que productos pueden ser interesantes si est\u00e1s durante un proceso de <strong>tratamiento oncol\u00f3gico<\/strong>.<\/p>\n<p class=\"x_MsoNormal\">Laboratorios <strong>Sesderma<\/strong> es una <strong>l\u00ednea dermatol\u00f3gica<\/strong> que nos gusta porque contiene principios activos muy eficaces y de alta penetraci\u00f3n gracias a su tecnolog\u00eda nanosomada.<\/p>\n<p class=\"x_MsoNormal\">Los nanosomas son part\u00edculas muy peque\u00f1as que pueden llegar hasta la dermis, donde se generan el col\u00e1geno y la elastina, por ejemplo. De laboratorios\u00a0 <strong>Sesderma<\/strong> te anotamos s\u00f3lo los productos m\u00e1s interesantes o recomendados por onc\u00f3logos\/radi\u00f3logos como por ejemplo la crema corporal hidratante <strong>HIDRADERM HYAL REPAIR<\/strong>, formulada para pieles tratadas con radioterapia o pieles sensibles y secas por la quimioterapia. Est\u00e1 indicada tambi\u00e9n para pieles muy secas.<\/p>\n<p class=\"x_MsoNormal\"><a href=\"https:\/\/oncoestetica.es\/hidraderm-hyal-repair-sesderma-radioterapia\"><img loading=\"lazy\" decoding=\"async\" class=\"size-full wp-image-3986 aligncenter\" src=\"https:\/\/oncoestetica.es\/blog\/wp-content\/uploads\/sesderma-1.jpg\" alt=\"sesderma\" width=\"450\" height=\"450\" srcset=\"https:\/\/oncoestetica.es\/blog\/wp-content\/uploads\/sesderma-1.jpg 450w, https:\/\/oncoestetica.es\/blog\/wp-content\/uploads\/sesderma-1-150x150.jpg 150w, https:\/\/oncoestetica.es\/blog\/wp-content\/uploads\/sesderma-1-300x300.jpg 300w\" sizes=\"auto, (max-width: 450px) 100vw, 450px\" \/><\/a><\/p>\n<p class=\"x_MsoNormal\">Otro producto de <strong>Sesderma<\/strong> espec\u00edfico es el <strong>LIMPIADOR FACIAL SENSYSES\u00a0 CLEANSER RX<\/strong>.<\/p>\n<p class=\"x_MsoNormal\"><a href=\"https:\/\/oncoestetica.es\/limpiador-sensyses-cleanser-sesderma-rx-radioterapia-xerosis\"><img loading=\"lazy\" decoding=\"async\" class=\"size-full wp-image-3987 aligncenter\" src=\"https:\/\/oncoestetica.es\/blog\/wp-content\/uploads\/limpiador-facial-sesderma.jpg\" alt=\"limpiador facial sesderma\" width=\"450\" height=\"450\" srcset=\"https:\/\/oncoestetica.es\/blog\/wp-content\/uploads\/limpiador-facial-sesderma.jpg 450w, https:\/\/oncoestetica.es\/blog\/wp-content\/uploads\/limpiador-facial-sesderma-150x150.jpg 150w, https:\/\/oncoestetica.es\/blog\/wp-content\/uploads\/limpiador-facial-sesderma-300x300.jpg 300w\" sizes=\"auto, (max-width: 450px) 100vw, 450px\" \/><\/a><\/p>\n<p class=\"x_MsoNormal\">Es el primer <strong>producto de limpieza facial<\/strong> que est\u00e1 especialmente formulado para la radio dermitis (inflamaci\u00f3n de la piel\/irritaci\u00f3n&#8230;por radioterapia). \u00bfPor qu\u00e9 es tan importante una limpieza espec\u00edfica? Es primordial porque ha de ser especialmente suave con las pieles radiadas. El <strong>limpiador Sensyses cleanser Rx<\/strong> de <strong>Sesderma<\/strong> est\u00e1 indicado para pieles descamadas, deshidratadas, con sequedad extrema, prurito o picor. Al aplicar \u00e9ste limpiador, conseguiremos restaurar el manto hidrolip\u00eddico de la piel, recuperando su funci\u00f3n barrera y protectora. Especial para pieles con sequedad extrema y xerosis.<\/p>\n<p class=\"x_MsoNormal\">En cuanto al<strong> cuidado o hidrataci\u00f3n facial<\/strong>, dependiendo de tu edad y de c\u00f3mo sea tu piel, hay varias opciones. Te recomiendo este<strong> s\u00e9rum con vitamina C<\/strong>, \u00a0<strong>LIPOSOMAL SERUM C-VIT<\/strong>, tiene grandes propiedades hidratantes, antioxidantes,<strong> antiarruga<\/strong>s y <strong>despigmentantes<\/strong>. Su tecnolog\u00eda protege la membrana celular al bloquear la formaci\u00f3n de radicales libres. Aumenta los niveles de col\u00e1geno engrosando a su vez las fibras de elastina. <strong>No contiene parabenos<\/strong>.<\/p>\n<p class=\"x_MsoNormal\"><a href=\"https:\/\/oncoestetica.es\/serum-liposomal-c-vit\"><img loading=\"lazy\" decoding=\"async\" class=\"size-full wp-image-3988 aligncenter\" src=\"https:\/\/oncoestetica.es\/blog\/wp-content\/uploads\/c-vit-sesderma.jpg\" alt=\"c-vit sesderma\" width=\"450\" height=\"450\" srcset=\"https:\/\/oncoestetica.es\/blog\/wp-content\/uploads\/c-vit-sesderma.jpg 450w, https:\/\/oncoestetica.es\/blog\/wp-content\/uploads\/c-vit-sesderma-150x150.jpg 150w, https:\/\/oncoestetica.es\/blog\/wp-content\/uploads\/c-vit-sesderma-300x300.jpg 300w\" sizes=\"auto, (max-width: 450px) 100vw, 450px\" \/><\/a><\/p>\n<p class=\"x_MsoNormal\">Si combinas el<strong> s\u00e9rum<\/strong> con una <strong>crema antiarrugas<\/strong> u otra hidratante, conseguir\u00e1s mas efectividad al combinar activos diferentes.<\/p>\n<p class=\"x_MsoNormal\">Por ejemplo esta de <strong>relleno de arrugas<\/strong>, aunque no s\u00e9 si es tu caso. Esta crema rellena las arruguitas superficiales. \u00a0Rellena desde el interior y adem\u00e1s tiene efecto tensor. No es grasa y se absorbe r\u00e1pidamente. Todas las cremas de <strong>Sesderma<\/strong> tienen esta caracter\u00edstica, no son grasas, ni siquiera las de pieles secas.<\/p>\n<p class=\"x_MsoNormal\"><a href=\"https:\/\/oncoestetica.es\/fillderma-one-rellenador-arrugas-sin-parabenes\"><img loading=\"lazy\" decoding=\"async\" class=\"size-full wp-image-3989 aligncenter\" src=\"https:\/\/oncoestetica.es\/blog\/wp-content\/uploads\/sesderma-arrugas-1.jpg\" alt=\"sesderma arrugas\" width=\"358\" height=\"358\" srcset=\"https:\/\/oncoestetica.es\/blog\/wp-content\/uploads\/sesderma-arrugas-1.jpg 358w, https:\/\/oncoestetica.es\/blog\/wp-content\/uploads\/sesderma-arrugas-1-150x150.jpg 150w, https:\/\/oncoestetica.es\/blog\/wp-content\/uploads\/sesderma-arrugas-1-300x300.jpg 300w\" sizes=\"auto, (max-width: 358px) 100vw, 358px\" \/><\/a><\/p>\n<p class=\"x_MsoNormal\">Para <strong>proteger tu rostro del sol<\/strong> y conseguir un tono unificado, esta crema hidratante con color es muy cubriente y de efecto mate.<\/p>\n<p class=\"x_MsoNormal\"><a href=\"https:\/\/oncoestetica.es\/screenses-sesderma-antisolar-spf-50-color\"><img loading=\"lazy\" decoding=\"async\" class=\"size-full wp-image-3990 aligncenter\" src=\"https:\/\/oncoestetica.es\/blog\/wp-content\/uploads\/crema-solar-sesderma.jpg\" alt=\"crema solar sesderma\" width=\"450\" height=\"450\" srcset=\"https:\/\/oncoestetica.es\/blog\/wp-content\/uploads\/crema-solar-sesderma.jpg 450w, https:\/\/oncoestetica.es\/blog\/wp-content\/uploads\/crema-solar-sesderma-150x150.jpg 150w, https:\/\/oncoestetica.es\/blog\/wp-content\/uploads\/crema-solar-sesderma-300x300.jpg 300w\" sizes=\"auto, (max-width: 450px) 100vw, 450px\" \/><\/a><\/p>\n<p class=\"x_MsoNormal\">Si te gusta aplicar un poco de tono bronceado, este producto son factor 50, es muy recomendable. Se aplica con una esponja y queda muy favorecedor. <strong>Tambi\u00e9n es sin parabenos<\/strong>.<\/p>\n<p class=\"x_MsoNormal\"><a href=\"https:\/\/oncoestetica.es\/sesderma-fotoprotector-compacto-color\"><img loading=\"lazy\" decoding=\"async\" class=\"size-full wp-image-3991 aligncenter\" src=\"https:\/\/oncoestetica.es\/blog\/wp-content\/uploads\/sesderma-sin-parabenes.jpg\" alt=\"sesderma sin parabenes\" width=\"450\" height=\"450\" srcset=\"https:\/\/oncoestetica.es\/blog\/wp-content\/uploads\/sesderma-sin-parabenes.jpg 450w, https:\/\/oncoestetica.es\/blog\/wp-content\/uploads\/sesderma-sin-parabenes-150x150.jpg 150w, https:\/\/oncoestetica.es\/blog\/wp-content\/uploads\/sesderma-sin-parabenes-300x300.jpg 300w\" sizes=\"auto, (max-width: 450px) 100vw, 450px\" \/><\/a><\/p>\n<p class=\"x_MsoNormal\">Otro producto muy importante este<strong> fortalecedor de u\u00f1as<\/strong>. <strong>LACTEMOL F NAILS<\/strong>, se aplica en la cut\u00edcula con un pincelito que contiene en su interior. Evita la aparici\u00f3n de lesiones y <strong>fortalece las u\u00f1as fr\u00e1gile<\/strong>s. Conviene aplicarlo antes de comenzar con la quimioterapia para reducir efectos secundarios. Una vea que aparecen las lesiones, aplicarlo a diario para crear una u\u00f1a nueva y sana.<\/p>\n<p class=\"x_MsoNormal\"><a href=\"https:\/\/oncoestetica.es\/lactemol-f-nails-tratamiento-de-unas-debilitadas-fortalecedor\"><img loading=\"lazy\" decoding=\"async\" class=\"size-full wp-image-3992 aligncenter\" src=\"https:\/\/oncoestetica.es\/blog\/wp-content\/uploads\/sesderma-lactemol.jpg\" alt=\"sesderma lactemol\" width=\"450\" height=\"450\" srcset=\"https:\/\/oncoestetica.es\/blog\/wp-content\/uploads\/sesderma-lactemol.jpg 450w, https:\/\/oncoestetica.es\/blog\/wp-content\/uploads\/sesderma-lactemol-150x150.jpg 150w, https:\/\/oncoestetica.es\/blog\/wp-content\/uploads\/sesderma-lactemol-300x300.jpg 300w\" sizes=\"auto, (max-width: 450px) 100vw, 450px\" \/><\/a><\/p>\n<p class=\"x_MsoNormal\" style=\"text-align: center;\"><em><span style=\"color: #800000;\">Si tienes alguna otra duda o deseas m\u00e1s informaci\u00f3n concreta sobre alg\u00fan producto que te interese, estamos a tu disposici\u00f3n.<\/span><\/em><\/p>\n","protected":false},"excerpt":{"rendered":"<p>Consulta de una Luchadora:Mi duda es respecto a los Productos de Cosm\u00e9tica que trabajais, \u00bfTodos est\u00e1n indicados en tratamientos con Quimioterapia y\u00a0Radioterapia? Sobre todo estoy interesada en sesderma. *Solicita informaci\u00f3n:&#8211;\u00a0Quimioterapia-\u00a0Radioterapia \u00a0Oncoest\u00e9tica te ayuda: La l\u00ednea de Cosmeclinik est\u00e1 desarrollada para RADIOTERAPIA, son productos formulados espec\u00edficamente para estos tratamientos y tambi\u00e9n se usan durante la quimioterapia [&hellip;]<\/p>\n","protected":false},"author":1,"featured_media":0,"comment_status":"open","ping_status":"closed","sticky":false,"template":"","format":"standard","meta":{"_et_pb_use_builder":"","_et_pb_old_content":"","_et_gb_content_width":"","footnotes":""},"categories":[22,12],"tags":[121,210,211,224,150,203,204],"class_list":["post-3985","post","type-post","status-publish","format-standard","hentry","category-informacion","category-productos","tag-efectos-quimio","tag-efectos-quimioterapia","tag-efectos-radioterapia","tag-estetica-oncologica","tag-oncoestetica","tag-quimioterapia","tag-radioterapia"],"_links":{"self":[{"href":"https:\/\/oncoestetica.es\/blog\/index.php\/wp-json\/wp\/v2\/posts\/3985","targetHints":{"allow":["GET"]}}],"collection":[{"href":"https:\/\/oncoestetica.es\/blog\/index.php\/wp-json\/wp\/v2\/posts"}],"about":[{"href":"https:\/\/oncoestetica.es\/blog\/index.php\/wp-json\/wp\/v2\/types\/post"}],"author":[{"embeddable":true,"href":"https:\/\/oncoestetica.es\/blog\/index.php\/wp-json\/wp\/v2\/users\/1"}],"replies":[{"embeddable":true,"href":"https:\/\/oncoestetica.es\/blog\/index.php\/wp-json\/wp\/v2\/comments?post=3985"}],"version-history":[{"count":3,"href":"https:\/\/oncoestetica.es\/blog\/index.php\/wp-json\/wp\/v2\/posts\/3985\/revisions"}],"predecessor-version":[{"id":3995,"href":"https:\/\/oncoestetica.es\/blog\/index.php\/wp-json\/wp\/v2\/posts\/3985\/revisions\/3995"}],"wp:attachment":[{"href":"https:\/\/oncoestetica.es\/blog\/index.php\/wp-json\/wp\/v2\/media?parent=3985"}],"wp:term":[{"taxonomy":"category","embeddable":true,"href":"https:\/\/oncoestetica.es\/blog\/index.php\/wp-json\/wp\/v2\/categories?post=3985"},{"taxonomy":"post_tag","embeddable":true,"href":"https:\/\/oncoestetica.es\/blog\/index.php\/wp-json\/wp\/v2\/tags?post=3985"}],"curies":[{"name":"wp","href":"https:\/\/api.w.org\/{rel}","templated":true}]}}