{"id":4054,"date":"2016-08-02T08:30:00","date_gmt":"2016-08-02T06:30:00","guid":{"rendered":"https:\/\/oncoestetica.es\/blog\/?p=4054"},"modified":"2019-12-21T20:37:42","modified_gmt":"2019-12-21T19:37:42","slug":"maquillaje-durante-quimioterapia","status":"publish","type":"post","link":"https:\/\/oncoestetica.es\/blog\/index.php\/2016\/08\/02\/maquillaje-durante-quimioterapia\/","title":{"rendered":"Maquillaje durante la Quimioterapia."},"content":{"rendered":"<p><img loading=\"lazy\" decoding=\"async\" class=\"size-full wp-image-4056 aligncenter\" src=\"https:\/\/oncoestetica.es\/blog\/wp-content\/uploads\/maquillaje-durante-quimioterapia.jpg\" alt=\"maquillaje durante quimioterapia\" width=\"500\" height=\"330\" srcset=\"https:\/\/oncoestetica.es\/blog\/wp-content\/uploads\/maquillaje-durante-quimioterapia.jpg 500w, https:\/\/oncoestetica.es\/blog\/wp-content\/uploads\/maquillaje-durante-quimioterapia-300x198.jpg 300w\" sizes=\"auto, (max-width: 500px) 100vw, 500px\" \/><\/p>\n<h3 style=\"text-align: center;\">MAQUILLAJE DE BASE Y APLICACI\u00d3N DE PUNTOS DE LUZ Y SOMBRA<\/h3>\n<p>Me han dicho que durante el <strong>tratamiento de quimioterapia<\/strong> voy a notar muchos <strong>cambios en la piel<\/strong>, tambi\u00e9n <strong>p\u00e9rdida de cejas<\/strong>, <strong>perdida de pesta\u00f1as..<\/strong>.<\/p>\n<p style=\"text-align: center;\"><span style=\"color: #000000;\"><strong>&gt;&gt;<\/strong><\/span><em><span style=\"color: #800000;\">Me gustar\u00eda saber como tengo que maquillarme y qu\u00e9 productos son los m\u00e1s adecuados<\/span><\/em><span style=\"color: #000000;\"><strong>&lt;&lt;<\/strong><\/span><\/p>\n<p>Hola, cuando se va a iniciar un <strong>tratamiento de quimioterapia&#8230;<\/strong><\/p>\n<p style=\"text-align: center;\"><span style=\"color: #800000;\"><span style=\"color: #000000;\"><strong>&gt;&gt;<\/strong><\/span><em>\u00bfEs\u00a0 imprescindible\u00a0 el cuidado diario con productos que no irriten?<\/em><span style=\"color: #000000;\"><strong>&lt;&lt;<\/strong><\/span><\/span><\/p>\n<h3><span style=\"text-decoration: underline;\"><strong>Oncoest\u00e9tica te Ayuda:<\/strong><\/span><\/h3>\n<p>Con respecto al maquillaje, debemos utilizar <strong>productos suaves<\/strong> que<strong> no da\u00f1en nuestra piel<\/strong>. Hay desechar la idea de comprar maquillaje de dudosa calidad y con una composici\u00f3n que pueda favorecer hipersensibilidad en la piel.\u00a0 Para evitar esas f\u00f3rmulas, que pueden no ser adecuadas, haremos uso de <strong>productos biol\u00f3gicos<\/strong> con valores a\u00f1adidos como el <strong>Aloe vera gel<\/strong>,<strong> Aceite de almendras dulce<\/strong>s, <strong>Oliva y Jojoba<\/strong>, <strong>aceite de aguacate<\/strong> y <strong>bardana,<\/strong>\u00a0<strong>Manteca de karit\u00e9<\/strong>, <strong>Ceras vegetales<\/strong>, <strong>vitaminas C y E<\/strong>.Con esto conseguiremos que nuestra piel siga estando <strong>hidratada y saludable<\/strong>. Los <strong>maquillajes Biol\u00f3gicos<\/strong> son tan eficaces para maquillarnos como el resto y su precio es reducido para la alta calidad de su composici\u00f3n.La <strong>l\u00ednea de maquillajes y color de Helan<\/strong>, de acuerdo con su filosof\u00eda, ha puesto, como siempre, la seguridad en el centro de su investigaci\u00f3n.<\/p>\n<h3 style=\"text-align: center;\"><img loading=\"lazy\" decoding=\"async\" class=\"size-full wp-image-4059 aligncenter\" src=\"https:\/\/oncoestetica.es\/blog\/wp-content\/uploads\/helan-cosmetica.jpg\" alt=\"helan cosmetica\" width=\"900\" height=\"371\" srcset=\"https:\/\/oncoestetica.es\/blog\/wp-content\/uploads\/helan-cosmetica.jpg 900w, https:\/\/oncoestetica.es\/blog\/wp-content\/uploads\/helan-cosmetica-300x124.jpg 300w, https:\/\/oncoestetica.es\/blog\/wp-content\/uploads\/helan-cosmetica-768x317.jpg 768w\" sizes=\"auto, (max-width: 900px) 100vw, 900px\" \/><strong><span style=\"color: #800000;\">\u21d3<\/span><\/strong><span style=\"color: #000000;\"><strong>Este es su Programa de Seguridad<span style=\"color: #800000;\">\u21d3<\/span><\/strong><\/span><\/h3>\n<p><strong>Selecci\u00f3n cuidadosa<\/strong> de un n\u00famero limitado de<strong> materias primas<\/strong>: naturales, inofensivas, la formulaci\u00f3n m\u00e1s eficaz, riguroso control de ingredientes activos, la pureza y la estabilidad de los productos con el fin de ofrecer una alta calidad en pleno cumplimiento de los <strong>criterios Bio<\/strong>.<strong>Productos hipoalerg\u00e9nicos<\/strong> determinados por pruebas cut\u00e1neas llevadas a cabo sin el uso de animales y sin ingredientes de origen animal.Caracterizados por la<strong> ausencia de<\/strong> vaselina, aceites minerales y sus derivados que forman una pel\u00edcula oclusiva sobre la piel.<strong><span style=\"text-decoration: underline;\"><em><span style=\"color: #800000; text-decoration: underline;\">NO CONTIENEN:<\/span><\/em><\/span><\/strong>Lanolina ni sus derivados para evitar irritaci\u00f3n; sin parabenos y con otros conservantes permitidos por todos los protocolos de certificaci\u00f3n org\u00e1nica.<\/p>\n<p style=\"text-align: center;\"><strong>Todos los productos son probados<\/strong> para reducir el riesgo de alergias a metales pesados como: N\u00edquel, cromo, cobalto.<\/p>\n<p style=\"text-align: center;\"><span style=\"color: #800000;\"><strong><span style=\"color: #000000;\">&gt;&gt;<\/span><\/strong><em>Vamos a realizar un PASO A PASO de lo b\u00e1sico para un maquillaje durante la quimioterapia<\/em><span style=\"color: #000000;\"><strong>&lt;&lt;<\/strong><\/span><\/span><\/p>\n<p>Sobre la piel limpia, primero debemos utilizar una crema de base hidratante, vamos a aplicar una para pieles normales-secas, por ejemplo la<\/p>\n<p style=\"text-align: center;\"><a href=\"https:\/\/oncoestetica.es\/categoria\/hidratacion-facial\">CREMA HIDRATANTE\u00a0 APIVITA<\/a><\/p>\n<p style=\"text-align: center;\">Crema 24 horas de hidrataci\u00f3n pieles Normales\/Secas<\/p>\n<p><a href=\"https:\/\/oncoestetica.es\/categoria\/hidratacion-facial\"><img loading=\"lazy\" decoding=\"async\" class=\"size-full wp-image-4060 aligncenter\" src=\"https:\/\/oncoestetica.es\/blog\/wp-content\/uploads\/apivita-2.jpg\" alt=\"apivita\" width=\"300\" height=\"300\" srcset=\"https:\/\/oncoestetica.es\/blog\/wp-content\/uploads\/apivita-2.jpg 300w, https:\/\/oncoestetica.es\/blog\/wp-content\/uploads\/apivita-2-150x150.jpg 150w\" sizes=\"auto, (max-width: 300px) 100vw, 300px\" \/><\/a><span style=\"color: #800000;\"><strong>&#8211;&gt;<\/strong><\/span> Si tu piel es mas bien mixta o grasa, tambi\u00e9n puedes aplicar<\/p>\n<p style=\"text-align: center;\"><a href=\"https:\/\/oncoestetica.es\/hidratacion-facial\/helan-viso-4-crema-hidratante-de-dia-piel-sensible-y-delicada.html\">CREMA HIDRATANTE PIEL SENSIBLE\u00a0BIOLOGICA DE\u00a0 HELAN<\/a><\/p>\n<p><a href=\"https:\/\/oncoestetica.es\/hidratacion-facial\/helan-viso-4-crema-hidratante-de-dia-piel-sensible-y-delicada.html\"><strong><img loading=\"lazy\" decoding=\"async\" class=\"alignnone size-full wp-image-5165 aligncenter\" src=\"https:\/\/oncoestetica.es\/blog\/wp-content\/uploads\/helan-viso-4-crema-hidratante-de-dia-piel-sensible-y-delicada.jpg\" alt=\"\" width=\"440\" height=\"422\" srcset=\"https:\/\/oncoestetica.es\/blog\/wp-content\/uploads\/helan-viso-4-crema-hidratante-de-dia-piel-sensible-y-delicada.jpg 440w, https:\/\/oncoestetica.es\/blog\/wp-content\/uploads\/helan-viso-4-crema-hidratante-de-dia-piel-sensible-y-delicada-300x288.jpg 300w\" sizes=\"auto, (max-width: 440px) 100vw, 440px\" \/><\/strong><\/a><\/p>\n<p>&nbsp;<\/p>\n<p><strong>Una vez tenemos la piel hidratada<\/strong> podremos la base de maquillaje en el tono que mas<strong> se adapte a nuestra piel<\/strong>.\u00a0 La idea de poner un tono m\u00e1s oscuro, nos va a quitar luz y oscurecer demasiado el tono, dando una sensaci\u00f3n de piel m\u00e1s apagada.\u00a0 Es mucho m\u00e1s bonito<strong> aplicar el mismo tono y despu\u00e9s dar un color m\u00e1s bronceado<\/strong> con unos polvos adecuados en p\u00f3mulos, frente y mand\u00edbula para marcar m\u00e1s nuestro rostro.<\/p>\n<p style=\"text-align: center;\"><a href=\"https:\/\/oncoestetica.es\/rostro\/maquillaje-helan-bio-eco-antiarrugas-spf-15.html\">MAQUILLAJE BIO PARA PIELES NORMALES SECAS CON EFECTO LIFTING\u00a0 SPF 15<\/a><\/p>\n<p><a href=\"https:\/\/oncoestetica.es\/rostro\/maquillaje-helan-bio-eco-antiarrugas-spf-15.html\"><img loading=\"lazy\" decoding=\"async\" class=\"size-full wp-image-4062 aligncenter\" src=\"https:\/\/oncoestetica.es\/blog\/wp-content\/uploads\/maquillaje-bio-eco.jpg\" alt=\"maquillaje bio eco\" width=\"450\" height=\"450\" srcset=\"https:\/\/oncoestetica.es\/blog\/wp-content\/uploads\/maquillaje-bio-eco.jpg 450w, https:\/\/oncoestetica.es\/blog\/wp-content\/uploads\/maquillaje-bio-eco-150x150.jpg 150w, https:\/\/oncoestetica.es\/blog\/wp-content\/uploads\/maquillaje-bio-eco-300x300.jpg 300w\" sizes=\"auto, (max-width: 450px) 100vw, 450px\" \/><\/a><span style=\"color: #800000;\"><strong>&#8211;&gt;<\/strong> <\/span>Si quieres que el maquillaje matice algunos brillos, es mejor que utilices:<\/p>\n<p style=\"text-align: center;\"><a href=\"https:\/\/oncoestetica.es\/rostro\/maquillaje-bio-eco-helan-reequilibrante.html\">MAQUILLAJE REEQUILIBRANTE BIO ECO EFECTO SEDA SPF15<\/a><\/p>\n<p><a href=\"https:\/\/oncoestetica.es\/rostro\/maquillaje-bio-eco-helan-reequilibrante.html\"><img loading=\"lazy\" decoding=\"async\" class=\"size-full wp-image-4064 aligncenter\" src=\"https:\/\/oncoestetica.es\/blog\/wp-content\/uploads\/maquillaje-helan-seda.jpg\" alt=\"maquillaje helan seda\" width=\"450\" height=\"450\" srcset=\"https:\/\/oncoestetica.es\/blog\/wp-content\/uploads\/maquillaje-helan-seda.jpg 450w, https:\/\/oncoestetica.es\/blog\/wp-content\/uploads\/maquillaje-helan-seda-150x150.jpg 150w, https:\/\/oncoestetica.es\/blog\/wp-content\/uploads\/maquillaje-helan-seda-300x300.jpg 300w\" sizes=\"auto, (max-width: 450px) 100vw, 450px\" \/><\/a><strong><span style=\"color: #800000;\">&#8211;&gt;<\/span> Una vez aplicada la base de maquillaje<\/strong>, vamos a disimular esas imperfecciones con el corrector.<\/p>\n<h3 style=\"text-align: center;\"><em>&gt;&gt;<span style=\"color: #800000;\">Te presentamos 2 Opciones<\/span>&lt;&lt;<\/em><\/h3>\n<p><a href=\"https:\/\/oncoestetica.es\/corrector-ojeras-natural-helan-green\">STICK CORRECTOR OJERAS DE HELAN:<\/a>Hecho en \u00a0stick para una <strong>aplicaci\u00f3n m\u00e1s pr\u00e1ctica<\/strong>, se extiende muy f\u00e1cil y es muy suave en su aplicaci\u00f3n.<strong>En tonos neutro<\/strong>s, formulados mediante la selecci\u00f3n de las materias primas naturales y plantas que respetan \u00a0las funciones de la piel.Gracias a la gran <strong>presencia de almid\u00f3n de trigo y ma\u00edz<\/strong>, se adhiere a la piel y permite cubrir las zonas oscuras, el enrojecimiento y las peque\u00f1as manchas de la cara.<strong>Contiene vitaminas y antioxidantes<\/strong>, incluye en su f\u00f3rmula <strong>Alfa-Bisabolol<\/strong>, trigo y almid\u00f3n de ma\u00edz, aceite de jojoba, manteca de karit\u00e9, ceras vegetales y vitaminas A y E.<strong>El uso de aceites, mantecas y ceras<\/strong> hidrata y nutre la zona de los ojos, mientras que las vitaminas A y E garantizan su acci\u00f3n antioxidante. Su acabado es mate sin <strong>cubrir el brillo natural de la piel<\/strong>.<a href=\"https:\/\/oncoestetica.es\/ojos\/corrector-ojeras-natural-helan-green.html\"><img loading=\"lazy\" decoding=\"async\" class=\"size-full wp-image-4065 aligncenter\" src=\"https:\/\/oncoestetica.es\/blog\/wp-content\/uploads\/corrector-ojeras.jpg\" alt=\"corrector ojeras\" width=\"450\" height=\"450\" srcset=\"https:\/\/oncoestetica.es\/blog\/wp-content\/uploads\/corrector-ojeras.jpg 450w, https:\/\/oncoestetica.es\/blog\/wp-content\/uploads\/corrector-ojeras-150x150.jpg 150w, https:\/\/oncoestetica.es\/blog\/wp-content\/uploads\/corrector-ojeras-300x300.jpg 300w\" sizes=\"auto, (max-width: 450px) 100vw, 450px\" \/><\/a><span style=\"color: #800000;\"><strong>&#8211;&gt;<\/strong><\/span>Si prefieres un <strong>corrector m\u00e1s fluido<\/strong> te recomendamos el <strong><a href=\"https:\/\/oncoestetica.es\/antiojeras-pen-waterproof\">Concealer\u00a0 Waterproof <\/a>de Jorge de la Garza<\/strong>:Se trata de un <strong>producto no graso que contiene vitaminas C y E<\/strong>, que son antioxidantes naturales. Asimismo se trata de un producto <strong>libre en Parabenos<\/strong>, que contiene conservantes de \u00faltima generaci\u00f3n que previenen contra un abanico muy amplio de microorganismos.<strong>Una vez corregidos<\/strong> todos los puntos clave , podemos aplicar puntos de luz a nuestro rostro.La <strong>base de un buen maquillase<\/strong> consiste en<strong> dejar una piel uniforme<\/strong>, <strong>suave<\/strong> y <strong>aterciopelada<\/strong> que nos permita estacar los puntos m\u00e1s importantes mediante luz y sombra para realzar nuestras facciones.<a href=\"https:\/\/oncoestetica.es\/ojos\/antiojeras-pen-waterproof.html\"><img loading=\"lazy\" decoding=\"async\" class=\"size-full wp-image-4066 aligncenter\" src=\"https:\/\/oncoestetica.es\/blog\/wp-content\/uploads\/antiojeras-waterproof.jpg\" alt=\"antiojeras waterproof\" width=\"450\" height=\"450\" srcset=\"https:\/\/oncoestetica.es\/blog\/wp-content\/uploads\/antiojeras-waterproof.jpg 450w, https:\/\/oncoestetica.es\/blog\/wp-content\/uploads\/antiojeras-waterproof-150x150.jpg 150w, https:\/\/oncoestetica.es\/blog\/wp-content\/uploads\/antiojeras-waterproof-300x300.jpg 300w\" sizes=\"auto, (max-width: 450px) 100vw, 450px\" \/><\/a><span style=\"color: #800000;\"><strong>&#8211;&gt;<\/strong><\/span> Para aplicar puntos de luz a nuestro rostro, podemos utilizar este<\/p>\n<p style=\"text-align: center;\"><a href=\"https:\/\/oncoestetica.es\/inicio\/helan-iluminador-fluido.html\">CORRECTOR FLUIDO LUMINOSO DE HELAN BIOL\u00d3GICO<\/a><\/p>\n<p><a href=\"https:\/\/oncoestetica.es\/inicio\/helan-iluminador-fluido.html\"><img loading=\"lazy\" decoding=\"async\" class=\"size-full wp-image-4067 aligncenter\" src=\"https:\/\/oncoestetica.es\/blog\/wp-content\/uploads\/corrector-fluido-helan.jpg\" alt=\"corrector fluido helan\" width=\"450\" height=\"450\" srcset=\"https:\/\/oncoestetica.es\/blog\/wp-content\/uploads\/corrector-fluido-helan.jpg 450w, https:\/\/oncoestetica.es\/blog\/wp-content\/uploads\/corrector-fluido-helan-150x150.jpg 150w, https:\/\/oncoestetica.es\/blog\/wp-content\/uploads\/corrector-fluido-helan-300x300.jpg 300w\" sizes=\"auto, (max-width: 450px) 100vw, 450px\" \/><\/a><\/p>\n<p><strong>Corrector biol\u00f3gico<\/strong> muy fluido y suave, con <strong>aceite de jojoba y almendras dulces<\/strong>. Es una delicia por su composici\u00f3n hidratante con Manteca de Karit\u00e9\u00a0y que adem\u00e1s contiene filtros solares y vitaminas C y E.<\/p>\n<h4 style=\"text-align: center;\"><em><span style=\"color: #800000;\">\u00a1Muy completo! Contiene pigmentos luminosos que dan brillo a tu piel.<\/span><\/em><\/h4>\n<p><strong>Su toque es cremoso y suave<\/strong>, su textura suave y f\u00e1cil de aplicar, el acabado consigue corregir sombras y peque\u00f1as se\u00f1ales y <strong>su resultado es muy natural<\/strong>, no dejando dep\u00f3sitos o grumos que hacen envejecer tu mirada.La f\u00f3rmula utiliza<strong> aceites vegetales<\/strong> que aportan nutrici\u00f3n, elasticidad y ayudan a <strong>mejorar la hidrataci\u00f3n de la piel<\/strong>.<strong>Para conseguir el efecto de luz<\/strong>, tambi\u00e9n puedes conseguirlo con un corrector m\u00e1s claro o con el <strong>Maquillaje de cejas Duo de Christian Faye<\/strong>. Este producto es todo un acierto, porque por un lado tienes el color para <strong>perfilar y rellenar tu cejas<\/strong> y tambi\u00e9n lleva una<strong> sombra iluminadora<\/strong> para dar luz en los puntos clave.<\/p>\n<p style=\"text-align: center;\"><a href=\"https:\/\/oncoestetica.es\/cejas-y-pestanas\/maquillaje-de-cejas-eyebrow10-carebell-sin-parabenos.html\">MAQUILLAJE PARA CEJAS SEMIPERMANENTE\u00a0<\/a>CAREBELL EYEBROWS 10<\/p>\n<p><a href=\"https:\/\/oncoestetica.es\/cejas-y-pestanas\/maquillaje-de-cejas-eyebrow10-carebell-sin-parabenos.html\"><img loading=\"lazy\" decoding=\"async\" class=\"alignnone size-full wp-image-5302 aligncenter\" src=\"https:\/\/oncoestetica.es\/blog\/wp-content\/uploads\/maquillaje-de-cejas-eyebrow10-carebell-sin-parabenos-1.jpg\" alt=\"\" width=\"440\" height=\"422\" srcset=\"https:\/\/oncoestetica.es\/blog\/wp-content\/uploads\/maquillaje-de-cejas-eyebrow10-carebell-sin-parabenos-1.jpg 440w, https:\/\/oncoestetica.es\/blog\/wp-content\/uploads\/maquillaje-de-cejas-eyebrow10-carebell-sin-parabenos-1-300x288.jpg 300w\" sizes=\"auto, (max-width: 440px) 100vw, 440px\" \/><\/a><\/p>\n<p style=\"text-align: center;\"><strong><a href=\"https:\/\/youtu.be\/W_Mfnh2KniA\">\u00bfQuieres ver como funciona? \u00a1ACCEDE AL V\u00cdDEO TUTORIAL!<\/a><\/strong><\/p>\n<p><iframe loading=\"lazy\" title=\"MAQUILLAJE DE CEJAS EYEBROWS 10 CAREBELL\" width=\"1080\" height=\"608\" src=\"https:\/\/www.youtube.com\/embed\/W_Mfnh2KniA?feature=oembed\"  allow=\"accelerometer; autoplay; clipboard-write; encrypted-media; gyroscope; picture-in-picture; web-share\" allowfullscreen><\/iframe><\/p>\n<h3 style=\"text-align: center;\">PUNTOS B\u00c1SICOS PARA DAR LUZ A TU ROSTRO<\/h3>\n<p>Con el <strong>maquillaje para cejas <a href=\"https:\/\/oncoestetica.es\/buscar?fc=module&amp;module=leoproductsearch&amp;controller=productsearch&amp;orderby=position&amp;orderway=desc&amp;cate=&amp;search_query=DUO\">DUO de CHRISTIAN FAYE<\/a><\/strong> conseguir\u00e1s una mirada m\u00e1s intensa y unos ojos m\u00e1s expresivos, sobre todo si tienes las <strong>cejas despobladas<\/strong>.<\/p>\n<p>Terminamos dando un <strong>toque de\u00a0 bronceado<\/strong> a nuestro rostro <strong>sin tomar el sol<\/strong>.Lo vamos a conseguir con los<strong> POLVOS COMPACTOS EFECTO BRONCEADO DE HELAN<\/strong>:<strong>ES BIOL\u00d3GICO<\/strong>, ligero pero resistente, su f\u00f3rmula se funde con tu piel, porque utiliza propiedades biol\u00f3gicas suavizantes, almid\u00f3n de trigo, aceites de girasol y Jojoba que proporcionan cremosidad y suavidad al tacto.<\/p>\n<p>Los pigmentos minerales, naturales y no tratados, aportar\u00e1n luminosidad a tu piel.<\/p>\n<p><strong>NO CONTIENE CONSERVANTES<\/strong>.<\/p>\n<p><a href=\"https:\/\/oncoestetica.es\/maquillaje-biologico\/polvos-compactos-bio-eco-helan-broceadores-oncologia.html\"><img loading=\"lazy\" decoding=\"async\" class=\"size-full wp-image-4070 aligncenter\" src=\"https:\/\/oncoestetica.es\/blog\/wp-content\/uploads\/polvo-compacto-1.jpg\" alt=\"polvo compacto\" width=\"450\" height=\"450\" srcset=\"https:\/\/oncoestetica.es\/blog\/wp-content\/uploads\/polvo-compacto-1.jpg 450w, https:\/\/oncoestetica.es\/blog\/wp-content\/uploads\/polvo-compacto-1-150x150.jpg 150w, https:\/\/oncoestetica.es\/blog\/wp-content\/uploads\/polvo-compacto-1-300x300.jpg 300w\" sizes=\"auto, (max-width: 450px) 100vw, 450px\" \/><\/a><\/p>\n<p><strong>Se recomienda<\/strong> utilizar para su aplicaci\u00f3n una brocha de tama\u00f1o medio. <strong>Aplicar una suave capa<\/strong> por todo el rostro.<\/p>\n<p>Aplicar e insistir con m\u00e1s capa en la zona de p\u00f3mulos, sienes y mand\u00edbula para conseguir volumen y belleza en tus facciones.<\/p>\n<p><strong>Para rellenar tus pesta\u00f1a<\/strong>s, es importante que traces una l\u00ednea sobre la base de tus pesta\u00f1as con un <strong>l\u00e1piz perfilador de ojos<\/strong> que sea blando para que no te moleste al aplicar.Por ejemplo los <a href=\"https:\/\/oncoestetica.es\/helan-maquillaje-ojos-sombra-perfilador\"><strong>DUO de HELAN<\/strong><\/a> est\u00e1n muy bien porque llevan\u00a0 un perfilador y sombra todo en uno. Su tono se combina por lo que el resultado es perfecto y arm\u00f3nico.<strong>Al aplicar el perfilador<\/strong> de ojos en la ra\u00edz de la pesta\u00f1as y el l\u00e1piz efecto sombra sobre \u00e9l, el efecto es de ojos ahumados.<a href=\"https:\/\/oncoestetica.es\/ojos\/helan-maquillaje-ojos-sombra-perfilador.html\"><img loading=\"lazy\" decoding=\"async\" class=\"alignnone size-full wp-image-4071\" src=\"https:\/\/oncoestetica.es\/blog\/wp-content\/uploads\/lapiz-ojos.jpg\" alt=\"lapiz ojos\" width=\"800\" height=\"800\" srcset=\"https:\/\/oncoestetica.es\/blog\/wp-content\/uploads\/lapiz-ojos.jpg 800w, https:\/\/oncoestetica.es\/blog\/wp-content\/uploads\/lapiz-ojos-150x150.jpg 150w, https:\/\/oncoestetica.es\/blog\/wp-content\/uploads\/lapiz-ojos-300x300.jpg 300w, https:\/\/oncoestetica.es\/blog\/wp-content\/uploads\/lapiz-ojos-768x768.jpg 768w\" sizes=\"auto, (max-width: 800px) 100vw, 800px\" \/><\/a><span style=\"color: #800000;\"><strong>&#8211;&gt;<\/strong> <\/span>Si prefieres un Kajal negro prueba \u00e9ste Biol\u00f3gico.<\/p>\n<p style=\"text-align: center;\"><a href=\"https:\/\/oncoestetica.es\/ojos\/kajal-lapiz-ojos-helan-biologico.html\">L\u00c1PIZ KAJAL DE OJOS NEGRO BIOL\u00d3GICO<\/a><\/p>\n<p><a href=\"https:\/\/oncoestetica.es\/ojos\/kajal-lapiz-ojos-helan-biologico.html\"><img loading=\"lazy\" decoding=\"async\" class=\"size-full wp-image-4072 aligncenter\" src=\"https:\/\/oncoestetica.es\/blog\/wp-content\/uploads\/lapiz-helan.jpg\" alt=\"lapiz helan\" width=\"450\" height=\"469\" srcset=\"https:\/\/oncoestetica.es\/blog\/wp-content\/uploads\/lapiz-helan.jpg 450w, https:\/\/oncoestetica.es\/blog\/wp-content\/uploads\/lapiz-helan-288x300.jpg 288w\" sizes=\"auto, (max-width: 450px) 100vw, 450px\" \/><\/a>A continuaci\u00f3n, podemos aplicar\u00a0<strong> m\u00e1scara de pesta\u00f1as<\/strong> siempre y cuando nuestras pesta\u00f1as nos lo permitan. Si notas <strong>mucha p\u00e9rdida de pesta\u00f1as<\/strong>, es mejor aplicar un<strong> fortalecedor<\/strong> y\u00a0 no maquillarlas. Si decides hacerlo utiliza una <strong>m\u00e1scara biol\u00f3gic<\/strong>a, es mucho m\u00e1s natural para el cuidado de la pesta\u00f1a <strong>durante la quimioterapia<\/strong>.<a href=\"https:\/\/oncoestetica.es\/mascara-pestanas-bio-https:\/\/oncoestetica.es\/ojos\/mascara-pestanas-bio-vitamina-e-helan.html-e-helan\"><img loading=\"lazy\" decoding=\"async\" class=\"size-full wp-image-4073 aligncenter\" src=\"https:\/\/oncoestetica.es\/blog\/wp-content\/uploads\/mascara-de-pestanas.jpg\" alt=\"mascara de pestanas\" width=\"450\" height=\"450\" srcset=\"https:\/\/oncoestetica.es\/blog\/wp-content\/uploads\/mascara-de-pestanas.jpg 450w, https:\/\/oncoestetica.es\/blog\/wp-content\/uploads\/mascara-de-pestanas-150x150.jpg 150w, https:\/\/oncoestetica.es\/blog\/wp-content\/uploads\/mascara-de-pestanas-300x300.jpg 300w\" sizes=\"auto, (max-width: 450px) 100vw, 450px\" \/><\/a><\/p>\n<p>&nbsp;<\/p>\n<p>La <strong>m\u00e1scara biol\u00f3gica con vitamina E de Helan<\/strong> tiene todo lo necesario para que tus pesta\u00f1as se mantengan sanas y adem\u00e1s se vean<strong> m\u00e1s largas y densas<\/strong> gracias a su nuevo aplicador que las separa y alarga.<strong>Un producto \u00fanico<\/strong> que puede adaptarse a diferentes necesidades consiguiendo intensificar el color natural.<strong>Busca siempre la naturalidad<\/strong>, pero puedes espesar y alargar aplicando varias pasadas.Adecuado para los <strong>ojos sensibles<\/strong>, delicados y con lentes de contacto.<strong>Contiene<\/strong> aceite de almendras dulces, Melissa, manteca de Karit\u00e9, aportando hidrataci\u00f3n y cuidado a tus pesta\u00f1as.S\u00f3lo nos quedar\u00eda la zona de los labios. Si queremos un<strong> maquillaje suave y natural<\/strong> podemos aplicar estos <strong>labiales hidratantes de Helan<\/strong>:<\/p>\n<p style=\"text-align: center;\"><a href=\"https:\/\/oncoestetica.es\/labios\/labios-helan-brillo-natural-sin-gluten.html\">BRILLO DE LABIOS HIDRATANTE DE HELAN<\/a><\/p>\n<p><a href=\"https:\/\/oncoestetica.es\/labios\/labios-helan-brillo-natural-sin-gluten.html\"><img loading=\"lazy\" decoding=\"async\" class=\"size-full wp-image-4074 aligncenter\" src=\"https:\/\/oncoestetica.es\/blog\/wp-content\/uploads\/labiales-helan.jpg\" alt=\"labiales helan\" width=\"450\" height=\"450\" srcset=\"https:\/\/oncoestetica.es\/blog\/wp-content\/uploads\/labiales-helan.jpg 450w, https:\/\/oncoestetica.es\/blog\/wp-content\/uploads\/labiales-helan-150x150.jpg 150w, https:\/\/oncoestetica.es\/blog\/wp-content\/uploads\/labiales-helan-300x300.jpg 300w\" sizes=\"auto, (max-width: 450px) 100vw, 450px\" \/><\/a>Este <strong>Brillo de labios natural<\/strong> destaca por sus suaves tonos y <strong>m\u00e1xima hidrataci\u00f3<\/strong>n. La cremosa y confortable textura y el color de este producto natural, ilumina los labios cubri\u00e9ndolos de luz y suavidad.Si queremos darle realmente importancia a nuestros labios, podemos maquillarlos con las <strong>BARRAS DE LABIOS HIDRATANTES BIOLOGICAS DE HELAN<\/strong>:<strong><a href=\"https:\/\/oncoestetica.es\/labios\/barra-labios-helan-bio-sin-gluten-hidratante.html\"><img loading=\"lazy\" decoding=\"async\" class=\"size-full wp-image-4075 aligncenter\" src=\"https:\/\/oncoestetica.es\/blog\/wp-content\/uploads\/barras-de-labios.jpg\" alt=\"barras de labios\" width=\"450\" height=\"450\" srcset=\"https:\/\/oncoestetica.es\/blog\/wp-content\/uploads\/barras-de-labios.jpg 450w, https:\/\/oncoestetica.es\/blog\/wp-content\/uploads\/barras-de-labios-150x150.jpg 150w, https:\/\/oncoestetica.es\/blog\/wp-content\/uploads\/barras-de-labios-300x300.jpg 300w\" sizes=\"auto, (max-width: 450px) 100vw, 450px\" \/><\/a><\/strong><strong>Su f\u00f3rmula biol\u00f3gica<\/strong> \u00fanica es la combinaci\u00f3n de ingredientes dise\u00f1ados para combinar una textura suave y sedosa con un <strong>sellado de alto rendimiento<\/strong> para la comodidad e hidrataci\u00f3n de tus labios.<\/p>\n<p>Un complejo<strong> equilibrado de ceras y aceites<\/strong> vegetales y org\u00e1nicos proporcionan suavidad, plasticidad y un acabado sedoso, opaco y con estructura en colores pastel, mientras que la manteca de karit\u00e9 y cera de albaricoque dan suavidad y cremosidad permitiendo su agradable aplicaci\u00f3n. <strong>Contiene vitamina E<\/strong>.<\/p>\n","protected":false},"excerpt":{"rendered":"<p>MAQUILLAJE DE BASE Y APLICACI\u00d3N DE PUNTOS DE LUZ Y SOMBRA Me han dicho que durante el tratamiento de quimioterapia voy a notar muchos cambios en la piel, tambi\u00e9n p\u00e9rdida de cejas, perdida de pesta\u00f1as&#8230; &gt;&gt;Me gustar\u00eda saber como tengo que maquillarme y qu\u00e9 productos son los m\u00e1s adecuados&lt;&lt; Hola, cuando se va a iniciar [&hellip;]<\/p>\n","protected":false},"author":1,"featured_media":0,"comment_status":"open","ping_status":"closed","sticky":false,"template":"","format":"standard","meta":{"_et_pb_use_builder":"","_et_pb_old_content":"","_et_gb_content_width":"","footnotes":""},"categories":[22,12,1245],"tags":[316,660,1226,1246,1061,121,224,1211,150,203,695],"class_list":["post-4054","post","type-post","status-publish","format-standard","hentry","category-informacion","category-productos","category-quimioterapia","tag-alopecia-cejas","tag-apivita","tag-cosmetica-bio","tag-cosmetica-eco","tag-cosmetica-natural","tag-efectos-quimio","tag-estetica-oncologica","tag-helan","tag-oncoestetica","tag-quimioterapia","tag-sin-parabenes"],"_links":{"self":[{"href":"https:\/\/oncoestetica.es\/blog\/index.php\/wp-json\/wp\/v2\/posts\/4054","targetHints":{"allow":["GET"]}}],"collection":[{"href":"https:\/\/oncoestetica.es\/blog\/index.php\/wp-json\/wp\/v2\/posts"}],"about":[{"href":"https:\/\/oncoestetica.es\/blog\/index.php\/wp-json\/wp\/v2\/types\/post"}],"author":[{"embeddable":true,"href":"https:\/\/oncoestetica.es\/blog\/index.php\/wp-json\/wp\/v2\/users\/1"}],"replies":[{"embeddable":true,"href":"https:\/\/oncoestetica.es\/blog\/index.php\/wp-json\/wp\/v2\/comments?post=4054"}],"version-history":[{"count":15,"href":"https:\/\/oncoestetica.es\/blog\/index.php\/wp-json\/wp\/v2\/posts\/4054\/revisions"}],"predecessor-version":[{"id":5603,"href":"https:\/\/oncoestetica.es\/blog\/index.php\/wp-json\/wp\/v2\/posts\/4054\/revisions\/5603"}],"wp:attachment":[{"href":"https:\/\/oncoestetica.es\/blog\/index.php\/wp-json\/wp\/v2\/media?parent=4054"}],"wp:term":[{"taxonomy":"category","embeddable":true,"href":"https:\/\/oncoestetica.es\/blog\/index.php\/wp-json\/wp\/v2\/categories?post=4054"},{"taxonomy":"post_tag","embeddable":true,"href":"https:\/\/oncoestetica.es\/blog\/index.php\/wp-json\/wp\/v2\/tags?post=4054"}],"curies":[{"name":"wp","href":"https:\/\/api.w.org\/{rel}","templated":true}]}}