{"id":4156,"date":"2016-10-13T10:13:26","date_gmt":"2016-10-13T08:13:26","guid":{"rendered":"https:\/\/oncoestetica.es\/blog\/?p=4156"},"modified":"2016-10-13T10:54:37","modified_gmt":"2016-10-13T08:54:37","slug":"hidratacion-quimioterapia","status":"publish","type":"post","link":"https:\/\/oncoestetica.es\/blog\/index.php\/2016\/10\/13\/hidratacion-quimioterapia\/","title":{"rendered":"Hidrataci\u00f3n Durante Quimioterapia."},"content":{"rendered":"<p class=\"x_MsoNormal\" style=\"text-align: center;\"><img loading=\"lazy\" decoding=\"async\" class=\"alignnone size-full wp-image-4158\" src=\"https:\/\/oncoestetica.es\/blog\/wp-content\/uploads\/hidratacion-quimio.jpg\" alt=\"hidratacion quimio\" width=\"620\" height=\"430\" srcset=\"https:\/\/oncoestetica.es\/blog\/wp-content\/uploads\/hidratacion-quimio.jpg 620w, https:\/\/oncoestetica.es\/blog\/wp-content\/uploads\/hidratacion-quimio-300x208.jpg 300w\" sizes=\"auto, (max-width: 620px) 100vw, 620px\" \/><\/p>\n<p class=\"x_MsoNormal\" style=\"text-align: center;\"><span style=\"text-decoration: underline;\"><em><b>Consulta para una Luchadora:<\/b><\/em><\/span>Mi suegra comienza a darse tratamientos de quimo pronto y me gustar\u00eda saber que cremas pueden ayudar a hidratarse&#8230;<\/p>\n<p style=\"text-align: center;\"><b>Solicita informaci\u00f3n:<\/b>&#8211;\u00a0Quimioterapia<\/p>\n<h3 class=\"x_MsoNormal\" style=\"text-align: center;\"><em><strong><span style=\"text-decoration: underline;\">Oncoest\u00e9tica te Ayuda<\/span>:<\/strong><\/em><\/h3>\n<p class=\"x_MsoNormal\"><strong>Durante la quimioterapia<\/strong> la piel se vuelve m\u00e1s fina, seca y sensible, por ello, haces bien en estar al tanto de los cuidados que necesita tu suegra, la hidrataci\u00f3n es vital y sobre todo, con productos adecuados.<\/p>\n<p class=\"x_MsoNormal\"><strong>Dentro de la cosm\u00e9tica<\/strong> hay muchas cremas que dicen ser hidratantes, pero quiz\u00e1 no sean las m\u00e1s adecuadas por varias razones.<\/p>\n<p class=\"x_MsoNormal\">Una de ellas es que algunas son demasiado grasas, y la crema que nos engrasa la piel, no es en s\u00ed la m\u00e1s hidratante, ya que crea un pel\u00edcula superficial pero no tiene una acci\u00f3n de<strong> hidrataci\u00f3n profunda<\/strong>, como ser\u00eda lo m\u00e1s adecuado.<\/p>\n<p class=\"x_MsoNormal\">Tambi\u00e9n hemos de tener en cuenta que lleven <strong>principios activos calmantes<\/strong> y que nos ayuden a evitar irritaciones. Por otra parte, es muy conveniente eliminar de su formulaci\u00f3n, todo tipo de sustancias qu\u00edmicas que <strong>pueden irritar las pieles m\u00e1s sensibles<\/strong>, tales como siliconas, ftalatos, sls, petroqu\u00edmicos, parabenos, etc\u2026<\/p>\n<p class=\"x_MsoNormal\">En <strong>Oncoestetica<\/strong>, casi todos los productos est\u00e1n seleccionados para hidratar y calmar la piel y sus ingredientes son de alta calidad, por lo que puede elegir cualquiera de ellos. No obstante, le hago alguna recomendaci\u00f3n seg\u00fan su necesidad de hidrataci\u00f3n.<\/p>\n<p class=\"x_MsoNormal\">Para el cuidado de la piel de cuerpo y como gel de ducha le puede venir muy bien \u00e9ste:<\/p>\n<p class=\"x_MsoNormal\"><strong>GEL DE DUCHA SATIVA E5<\/strong>, contiene avena y le prepara la piel para la radioterapia, en el caso de que deban aplic\u00e1rsela despu\u00e9s de la quimioterapia.<\/p>\n<p class=\"x_MsoNormal\"><a href=\"https:\/\/oncoestetica.es\/gel-ducha-cosmeclinik-syndet-radioterapia-pieles-sensibles-quimioterapia\"><img loading=\"lazy\" decoding=\"async\" class=\"size-full wp-image-4157 aligncenter\" src=\"https:\/\/oncoestetica.es\/blog\/wp-content\/uploads\/cosmeclinik-2.jpg\" alt=\"cosmeclinik\" width=\"450\" height=\"450\" srcset=\"https:\/\/oncoestetica.es\/blog\/wp-content\/uploads\/cosmeclinik-2.jpg 450w, https:\/\/oncoestetica.es\/blog\/wp-content\/uploads\/cosmeclinik-2-150x150.jpg 150w, https:\/\/oncoestetica.es\/blog\/wp-content\/uploads\/cosmeclinik-2-300x300.jpg 300w\" sizes=\"auto, (max-width: 450px) 100vw, 450px\" \/><\/a><\/p>\n<p class=\"x_MsoNormal\">Otro Gel de ducha muy hidratante, suave y antioxidante es de la l\u00ednea natural de MELAGRANA (GRANADA) DE HELAN.<\/p>\n<p class=\"x_MsoNormal\" style=\"text-align: center;\"><strong>GEL-CHAMP\u00da MELAGRANA REVITALIZANTE SUAVE:<\/strong><\/p>\n<p class=\"x_MsoNormal\"><a href=\"https:\/\/oncoestetica.es\/helan-melagrana-gel-champu\"><img loading=\"lazy\" decoding=\"async\" class=\"size-full wp-image-4159 aligncenter\" src=\"https:\/\/oncoestetica.es\/blog\/wp-content\/uploads\/helan-quimio.jpg\" alt=\"helan quimio\" width=\"800\" height=\"800\" srcset=\"https:\/\/oncoestetica.es\/blog\/wp-content\/uploads\/helan-quimio.jpg 800w, https:\/\/oncoestetica.es\/blog\/wp-content\/uploads\/helan-quimio-150x150.jpg 150w, https:\/\/oncoestetica.es\/blog\/wp-content\/uploads\/helan-quimio-300x300.jpg 300w, https:\/\/oncoestetica.es\/blog\/wp-content\/uploads\/helan-quimio-768x768.jpg 768w\" sizes=\"auto, (max-width: 800px) 100vw, 800px\" \/><\/a><\/p>\n<p class=\"x_MsoNormal\"><strong>Gel y champ\u00fa suave con granada<\/strong>. La granada tiene m\u00faltiples vitaminas y beneficios para la piel. Reduce el proceso de estr\u00e9s oxidativo de las c\u00e9lulas de la piel. Su extracto <strong>tiene m\u00e1s antioxidantes que el t\u00e9 verde o el vino tinto<\/strong>. Este gel de ducha con tensioactivos vegetales mejora la circulaci\u00f3n y revitaliza tu piel porque contiene Centella Asi\u00e1tica, Echinacea angustifolia, granada y prote\u00ednas de almendras dulces.<\/p>\n<p class=\"x_MsoNormal\"><strong>Especial para pieles sensibles<\/strong>, es muy suave y muy hidratante. Respeta y suaviza la piel y se perfuma suavemente con el jugo de la granada, es una delicia.<\/p>\n<p class=\"x_MsoNormal\" style=\"text-align: center;\"><strong><span style=\"color: #800000;\"><em>SIN PARABENOS, SIN SLS, SIN COLORANTES.<\/em><\/span><\/strong><\/p>\n<p class=\"x_MsoNormal\">Limpia sin agresiones, <strong>90% de ingredientes naturales<\/strong>.<\/p>\n<p class=\"x_MsoNormal\"><strong>MICROBIOL\u00d3GICAMENTE TESTADO<\/strong>. Contiene test de tolerancia cut\u00e1nea para reducir al m\u00ednimo cualquier riesgo de alergia.<\/p>\n<p class=\"x_MsoNormal\">Para <strong>despu\u00e9s de la ducha<\/strong> puede optar por una emulsi\u00f3n suave e hidratante o tambi\u00e9n por un aceite hidratante para pieles sensibles.<\/p>\n<p class=\"x_MsoNormal\">La nueva L\u00ednea <strong>CARING LAVENDER DE APIVITA<\/strong> nos gusta mucho por su calidad, aroma, suavidad\u2026<\/p>\n<p class=\"x_MsoNormal\"><a href=\"https:\/\/oncoestetica.es\/apivita-aceite.relajante-caring-lavender\"><img loading=\"lazy\" decoding=\"async\" class=\"alignnone size-full wp-image-4160\" src=\"https:\/\/oncoestetica.es\/blog\/wp-content\/uploads\/aceite-corporal.jpg\" alt=\"aceite corporal\" width=\"800\" height=\"800\" srcset=\"https:\/\/oncoestetica.es\/blog\/wp-content\/uploads\/aceite-corporal.jpg 800w, https:\/\/oncoestetica.es\/blog\/wp-content\/uploads\/aceite-corporal-150x150.jpg 150w, https:\/\/oncoestetica.es\/blog\/wp-content\/uploads\/aceite-corporal-300x300.jpg 300w, https:\/\/oncoestetica.es\/blog\/wp-content\/uploads\/aceite-corporal-768x768.jpg 768w\" sizes=\"auto, (max-width: 800px) 100vw, 800px\" \/><\/a><\/p>\n<p class=\"x_MsoNormal\">Aceite \u00fanico que calma, hidrata y relaja&#8230;Su capacidad de calmar irritaciones es gracias a sus ingrediente naturales y seleccionados por <strong>APIVITA<\/strong> para las pieles irritadas y muy secas.<\/p>\n<p class=\"x_MsoNormal\">Se absorbe f\u00e1cilmente sin dejar residuos grasos. <strong>Ideal para combatir el insomni<\/strong>o.<\/p>\n<p class=\"x_MsoNormal\">Con <strong>aceite de almendra<\/strong>, aceite de oliva griego*, rosa* y cal\u00e9ndula* que nutren la piel y la mantienen hidratada.<\/p>\n<p class=\"x_MsoNormal\">Con <strong>lauril olivato y \u03b1-bisabolol<\/strong> que aportan un efecto calmante inmediato, mejorando la barrera de la piel.<\/p>\n<p class=\"x_MsoNormal\">Con aceite esencial de lavanda griega*, conocido por sus propiedades relajantes.<\/p>\n<p class=\"x_MsoNormal\"><strong>Con vitaminas E, A, C<\/strong> que proporcionan protecci\u00f3n antioxidante.<\/p>\n<p class=\"x_MsoNormal\">En cuanto al <strong>cuidado facial<\/strong> son puntos important\u00edsimos la Limpieza, hidrataci\u00f3n y protecci\u00f3n. En la secci\u00f3n de <strong>Higiene facial<\/strong> encontrar\u00e1s diferentes formatos de productos para la limpieza diaria, todos son adecuados y recomendados. Algunos son leche y t\u00f3nico, otros son un todo en 1, muy c\u00f3modos\u2026<\/p>\n<p class=\"x_MsoNormal\" style=\"text-align: center;\"><a href=\"https:\/\/oncoestetica.es\/apivita-limpieza-facial\">COSM\u00c9TICA NATURAL &#8211; DERMATOL\u00d3GICA Y MAQUILLAJE BIO: HIGIENE facial<\/a><\/p>\n<p class=\"x_MsoNormal\"><strong>Para la Hidrataci\u00f3n<\/strong>, son muy hidratantes las cremas de la <strong>L\u00ednea BEE RADIANT DE APIVITA<\/strong>, adem\u00e1s aportan mucha luminosidad. Durante la quimioterapia la piel se torna\u00a0 m\u00e1s apagada y el aporte de <strong>vitamina c<\/strong> en <strong>crema o s\u00e9rum<\/strong>, soluciona el problema y es adem\u00e1s un potente antioxidante.<\/p>\n<p class=\"x_MsoNormal\">Tambi\u00e9n puede optar por la l\u00ednea <strong>AQUA VITA<\/strong>, que como su nombre nos indica, es todo <strong>hidrataci\u00f3n en las tres capas de la piel<\/strong> gracias a su avanzada f\u00f3rmula.<\/p>\n<p class=\"x_MsoNormal\" style=\"text-align: center;\"><a href=\"https:\/\/oncoestetica.es\/apivita-hidratacion-facial-bio-eco\">COSM\u00c9TICA NATURAL &#8211; DERMATOL\u00d3GICA Y MAQUILLAJE BIO: FACIAL<\/a><\/p>\n<p class=\"x_MsoNormal\">Recuerda que es importante que utilice alg\u00fan tipo de <strong>protecci\u00f3n solar<\/strong>, incluso en invierno. Por ejemplo una crema hidratante con color como \u00e9sta de laboratorios <strong>APIVITA<\/strong>:<\/p>\n<p class=\"x_MsoNormal\"><a href=\"https:\/\/oncoestetica.es\/bb-cream-apivita-hidratante-spf-20\"><img loading=\"lazy\" decoding=\"async\" class=\"size-full wp-image-4161 aligncenter\" src=\"https:\/\/oncoestetica.es\/blog\/wp-content\/uploads\/apivita-quimio.jpg\" alt=\"apivita quimio\" width=\"450\" height=\"450\" srcset=\"https:\/\/oncoestetica.es\/blog\/wp-content\/uploads\/apivita-quimio.jpg 450w, https:\/\/oncoestetica.es\/blog\/wp-content\/uploads\/apivita-quimio-150x150.jpg 150w, https:\/\/oncoestetica.es\/blog\/wp-content\/uploads\/apivita-quimio-300x300.jpg 300w\" sizes=\"auto, (max-width: 450px) 100vw, 450px\" \/><\/a><\/p>\n<p class=\"x_MsoNormal\"><strong>Nueva BB Crema de Apivita<\/strong> que aporta a tu piel 24 horas de hidrataci\u00f3n, protecci\u00f3n solar, cobertura ligera y look radiante. Para<strong> todo tipo de pieles<\/strong>, esta crema es una pieza indispensable durante todo el a\u00f1o.<\/p>\n<p class=\"x_MsoNormal\" style=\"text-align: center;\"><strong><em><span style=\"color: #800000;\">Contiene:<\/span><\/em><\/strong><\/p>\n<p class=\"x_MsoNormal\">Las <strong>fitoendorfinas de agnocasto<\/strong> hidratan en profundidad y, a la vez, ayudan a mantener la piel hidratada, dej\u00e1ndola suave y rejuvenecida.<\/p>\n<p class=\"x_MsoNormal\">El <strong>extracto de prop\u00f3leo<\/strong> patentado protege la piel de las oxidaciones y de los da\u00f1os causados por la poluci\u00f3n.<\/p>\n<p class=\"x_MsoNormal\" style=\"text-align: center;\"><span style=\"color: #800000;\"><em>La hidrataci\u00f3n es Fundamental, para ello utiliza cosm\u00e9tica espec\u00edfica <strong>recomendada por oncol\u00f3gos<\/strong> y\/0 Profesionales de la <strong>Est\u00e9tica Oncol\u00f3gica<\/strong>.<\/em><\/span><\/p>\n<p class=\"x_MsoNormal\" style=\"text-align: center;\"><a href=\"https:\/\/oncoestetica.es\/\"><img loading=\"lazy\" decoding=\"async\" class=\"alignnone size-full wp-image-2908\" src=\"https:\/\/oncoestetica.es\/blog\/wp-content\/uploads\/oncoestetica8.png\" alt=\"oncoestetica\" width=\"458\" height=\"98\" srcset=\"https:\/\/oncoestetica.es\/blog\/wp-content\/uploads\/oncoestetica8.png 458w, https:\/\/oncoestetica.es\/blog\/wp-content\/uploads\/oncoestetica8-300x64.png 300w\" sizes=\"auto, (max-width: 458px) 100vw, 458px\" \/><\/a><\/p>\n","protected":false},"excerpt":{"rendered":"<p>Consulta para una Luchadora:Mi suegra comienza a darse tratamientos de quimo pronto y me gustar\u00eda saber que cremas pueden ayudar a hidratarse&#8230; Solicita informaci\u00f3n:&#8211;\u00a0Quimioterapia Oncoest\u00e9tica te Ayuda: Durante la quimioterapia la piel se vuelve m\u00e1s fina, seca y sensible, por ello, haces bien en estar al tanto de los cuidados que necesita tu suegra, la [&hellip;]<\/p>\n","protected":false},"author":1,"featured_media":0,"comment_status":"open","ping_status":"closed","sticky":false,"template":"","format":"standard","meta":{"_et_pb_use_builder":"","_et_pb_old_content":"","_et_gb_content_width":"","footnotes":""},"categories":[7,22,12],"tags":[68,660,446,121,210,224,1211,150,1236,203],"class_list":["post-4156","post","type-post","status-publish","format-standard","hentry","category-consejos","category-informacion","category-productos","tag-alopecia","tag-apivita","tag-cosmeclinik","tag-efectos-quimio","tag-efectos-quimioterapia","tag-estetica-oncologica","tag-helan","tag-oncoestetica","tag-quimio","tag-quimioterapia"],"_links":{"self":[{"href":"https:\/\/oncoestetica.es\/blog\/index.php\/wp-json\/wp\/v2\/posts\/4156","targetHints":{"allow":["GET"]}}],"collection":[{"href":"https:\/\/oncoestetica.es\/blog\/index.php\/wp-json\/wp\/v2\/posts"}],"about":[{"href":"https:\/\/oncoestetica.es\/blog\/index.php\/wp-json\/wp\/v2\/types\/post"}],"author":[{"embeddable":true,"href":"https:\/\/oncoestetica.es\/blog\/index.php\/wp-json\/wp\/v2\/users\/1"}],"replies":[{"embeddable":true,"href":"https:\/\/oncoestetica.es\/blog\/index.php\/wp-json\/wp\/v2\/comments?post=4156"}],"version-history":[{"count":5,"href":"https:\/\/oncoestetica.es\/blog\/index.php\/wp-json\/wp\/v2\/posts\/4156\/revisions"}],"predecessor-version":[{"id":4166,"href":"https:\/\/oncoestetica.es\/blog\/index.php\/wp-json\/wp\/v2\/posts\/4156\/revisions\/4166"}],"wp:attachment":[{"href":"https:\/\/oncoestetica.es\/blog\/index.php\/wp-json\/wp\/v2\/media?parent=4156"}],"wp:term":[{"taxonomy":"category","embeddable":true,"href":"https:\/\/oncoestetica.es\/blog\/index.php\/wp-json\/wp\/v2\/categories?post=4156"},{"taxonomy":"post_tag","embeddable":true,"href":"https:\/\/oncoestetica.es\/blog\/index.php\/wp-json\/wp\/v2\/tags?post=4156"}],"curies":[{"name":"wp","href":"https:\/\/api.w.org\/{rel}","templated":true}]}}