{"id":4413,"date":"2017-03-14T08:30:47","date_gmt":"2017-03-14T07:30:47","guid":{"rendered":"https:\/\/oncoestetica.es\/blog\/?p=4413"},"modified":"2021-03-21T20:39:25","modified_gmt":"2021-03-21T19:39:25","slug":"pelucas-para-quimioterapia","status":"publish","type":"post","link":"https:\/\/oncoestetica.es\/blog\/index.php\/2017\/03\/14\/pelucas-para-quimioterapia\/","title":{"rendered":"PELUCAS PARA QUIMIOTERAPIA Y P\u00c9RDIDA DE CABELLO."},"content":{"rendered":"<p>Las<strong> pelucas para quimioterapia<\/strong> y <strong>p\u00e9rdida de cabello<\/strong> son consultadas cada d\u00eda por muchos clientes que se ven en la circunstancia de usarlas, bien por una <strong>p\u00e9rdida temporal del cabello<\/strong> o por una alopecia permanente.<\/p>\n<p>La<strong> primera decisi\u00f3n<\/strong> a tomar es si queremos una<strong> peluca de cabello sint\u00e9tico o microfibra<\/strong> o si la preferimos de <strong>cabello natural o real<\/strong>. Es una cuesti\u00f3n importante porque nuestra decisi\u00f3n implica unos h\u00e1bitos de cuidado diferentes.<\/p>\n<p>En las<strong> pelucas de pelo sint\u00e9tico<\/strong>, lo primero es elegir una marca con garant\u00eda en dise\u00f1o, calidad de materiales y fabricaci\u00f3n, por eso nosotros confiamos en la marca <strong>ELLEN WILLE<\/strong> cuyos dise\u00f1os han sido repetidamente premiados por su transpiraci\u00f3n, naturalidad de sus colores y adaptabilidad de sus bases.<\/p>\n<p>La Colecci\u00f3n de <a href=\"https:\/\/oncoestetica.es\/categoria\/pelucas-raquel-welch-alopecia-quimioterapia\" target=\"_blank\" rel=\"noopener\"><strong>pelcuas RAQUEL WELCH<\/strong><\/a> est\u00e1 considerada una marca l\u00edder en el mercado internacional.<\/p>\n<p>El hecho de que vayamos a <strong>elegir una peluca sint\u00e9tica<\/strong>, no implica que sea de peor calidad, o que tenga menos naturalidad que las de <strong>pelo humano<\/strong>, la clave es elegir lo m\u00e1s apropiado a nuestras necesidades y a nuestra econom\u00eda.<\/p>\n<h3 style=\"text-align: center;\"><span style=\"color: #800000;\">\u00bfPOR QU\u00c9 GASTAR EN UNA PELUCA DE PELO NATURAL?<\/span><\/h3>\n<p>Es una cuesti\u00f3n muy sencilla. Si necesitamos comprar una peluca de pelo corto, porque nuestro estilo es as\u00ed o hemos decidido llevar el cabello m\u00e1s corto, las m\u00e1s adecuadas son las<strong> pelucas de pelo sint\u00e9tico o microfibra<\/strong>.<\/p>\n<p><a href=\"https:\/\/oncoestetica.es\/categoria\/pelucas-oncologicas-raquel-welch-cortas\" target=\"_blank\" rel=\"noopener\"><img loading=\"lazy\" decoding=\"async\" class=\"alignnone size-full wp-image-4418\" src=\"https:\/\/oncoestetica.es\/blog\/wp-content\/uploads\/pelucas-oncologicas-raquel-welch-cortas.jpg\" alt=\"pelucas oncologicas raquel welch cortas\" width=\"873\" height=\"260\" srcset=\"https:\/\/oncoestetica.es\/blog\/wp-content\/uploads\/pelucas-oncologicas-raquel-welch-cortas.jpg 873w, https:\/\/oncoestetica.es\/blog\/wp-content\/uploads\/pelucas-oncologicas-raquel-welch-cortas-300x89.jpg 300w, https:\/\/oncoestetica.es\/blog\/wp-content\/uploads\/pelucas-oncologicas-raquel-welch-cortas-768x229.jpg 768w\" sizes=\"auto, (max-width: 873px) 100vw, 873px\" \/><\/a><\/p>\n<p style=\"text-align: center;\"><span style=\"color: #800000;\"><strong>\u21d3<\/strong><\/span>Cuando decimos pelo corto, hablamos de estilos que pueden ser<strong><span style=\"color: #800000;\">\u21d3<\/span><\/strong><\/p>\n<h3 style=\"text-align: center;\">PELUCA\u00a0PERU (2 ESTRELLAS)<\/h3>\n<p><a href=\"https:\/\/oncoestetica.es\/estilos-cortos\/pelucas-raquel-welch-alopecia-quimioterapia-peru-corta-microfibra-calidad-extra.html\" target=\"_blank\" rel=\"noopener\"><img loading=\"lazy\" decoding=\"async\" class=\"size-full wp-image-4416 aligncenter\" src=\"https:\/\/oncoestetica.es\/blog\/wp-content\/uploads\/peluca-peru-ellen-wille.jpg\" alt=\"peluca peru ellen wille\" width=\"440\" height=\"422\" srcset=\"https:\/\/oncoestetica.es\/blog\/wp-content\/uploads\/peluca-peru-ellen-wille.jpg 440w, https:\/\/oncoestetica.es\/blog\/wp-content\/uploads\/peluca-peru-ellen-wille-300x288.jpg 300w\" sizes=\"auto, (max-width: 440px) 100vw, 440px\" \/><\/a><\/p>\n<h3 style=\"text-align: center;\">PELUCA NEBRASKA MONO (4 ESTRELLAS)<\/h3>\n<p><a href=\"https:\/\/oncoestetica.es\/estilos-cortos\/pelucas-raquel-welch-alopecia-quimioterapia-nebraska.html\" target=\"_blank\" rel=\"noopener\"><img loading=\"lazy\" decoding=\"async\" class=\"size-full wp-image-4417 aligncenter\" src=\"https:\/\/oncoestetica.es\/blog\/wp-content\/uploads\/ellen-wille-raquel-welch.jpg\" alt=\"ellen wille raquel welch\" width=\"440\" height=\"422\" srcset=\"https:\/\/oncoestetica.es\/blog\/wp-content\/uploads\/ellen-wille-raquel-welch.jpg 440w, https:\/\/oncoestetica.es\/blog\/wp-content\/uploads\/ellen-wille-raquel-welch-300x288.jpg 300w\" sizes=\"auto, (max-width: 440px) 100vw, 440px\" \/><\/a><\/p>\n<p style=\"text-align: center;\">Por supuesto tambi\u00e9n englobar\u00edamos a las<strong>\u00a0<a href=\"https:\/\/oncoestetica.es\/categoria\/estilos-medios\" target=\"_blank\" rel=\"noopener\">Pelucas de estilos Medios<\/a><\/strong> como \u00e9ste:<\/p>\n<h3 style=\"text-align: center;\">PELUCA EAST LUXURY (6 ESTRELLAS)<\/h3>\n<p><a href=\"https:\/\/oncoestetica.es\/estilos-medios\/pelucas-raquel-welch-alopecia-quimioterapia-media-microfibra-natural.html\" target=\"_blank\" rel=\"noopener\"><img loading=\"lazy\" decoding=\"async\" class=\"size-full wp-image-4419 aligncenter\" src=\"https:\/\/oncoestetica.es\/blog\/wp-content\/uploads\/peluca-raquel-welch-2.jpg\" alt=\"peluca raquel welch\" width=\"440\" height=\"422\" srcset=\"https:\/\/oncoestetica.es\/blog\/wp-content\/uploads\/peluca-raquel-welch-2.jpg 440w, https:\/\/oncoestetica.es\/blog\/wp-content\/uploads\/peluca-raquel-welch-2-300x288.jpg 300w\" sizes=\"auto, (max-width: 440px) 100vw, 440px\" \/><\/a><\/p>\n<h3 style=\"text-align: center;\">PELUCA IDAHO MONO<\/h3>\n<p><a href=\"https:\/\/oncoestetica.es\/estilos-medios\/peluca-idaho-mono-ellen-wille-raquel-welch-quimioterapia.html\" target=\"_blank\" rel=\"noopener\"><img loading=\"lazy\" decoding=\"async\" class=\"size-full wp-image-4420 aligncenter\" src=\"https:\/\/oncoestetica.es\/blog\/wp-content\/uploads\/peluca-onclogica.jpg\" alt=\"peluca onclogica\" width=\"440\" height=\"422\" srcset=\"https:\/\/oncoestetica.es\/blog\/wp-content\/uploads\/peluca-onclogica.jpg 440w, https:\/\/oncoestetica.es\/blog\/wp-content\/uploads\/peluca-onclogica-300x288.jpg 300w\" sizes=\"auto, (max-width: 440px) 100vw, 440px\" \/><\/a><\/p>\n<p>A partir de \u00e9ste largo, las<strong> pelucas de pelo sint\u00e9tico<\/strong>, tienen algunos inconvenientes:<\/p>\n<p><strong><span style=\"color: #800000;\">&#8211;<\/span> La fibra<\/strong> con el roce y la fricci\u00f3n con los hombros se encrespa y necesita de una restructuraci\u00f3n en un centro profesional que la hidrate y regenere.<\/p>\n<p><span style=\"color: #800000;\"><strong>&#8211;<\/strong> <\/span><strong>El cabello largo<\/strong> de pelo sint\u00e9tico no tiene el peso, la soltura y naturalidad de una peluca de pelo natural.<\/p>\n<p><span style=\"color: #800000;\"><strong>&#8211;<\/strong><\/span> Con el tiempo <strong>pierden belleza<\/strong> y ya no quedan tan bonitas.<\/p>\n<p>En el caso de que quieras mantener a toda costa tu melena y desees que la peluca sea como tu pelo, tendr\u00e1s que decidirte por una<strong> peluca de cabello humano<\/strong>.<\/p>\n<p>El <strong>pelo humano<\/strong> es m\u00e1s resistente a los roces, no se encrespa como las de fibra, \u00a0y puedes secarlo con el secador e incluso pasarle la plancha.<\/p>\n<blockquote>\n<p style=\"text-align: center;\"><em><span style=\"color: #800000;\">Su precio es m\u00e1s alto, pero su efecto natural es el mejor para las melenas.<\/span><\/em><\/p>\n<\/blockquote>\n<p><a href=\"https:\/\/oncoestetica.es\/buscar?tag=pelucas-cabello-natural\" target=\"_blank\" rel=\"noopener\"><img loading=\"lazy\" decoding=\"async\" class=\"size-full wp-image-4422 aligncenter\" src=\"https:\/\/oncoestetica.es\/blog\/wp-content\/uploads\/peluca-cabello-natural-1.jpg\" alt=\"peluca cabello natural\" width=\"440\" height=\"422\" srcset=\"https:\/\/oncoestetica.es\/blog\/wp-content\/uploads\/peluca-cabello-natural-1.jpg 440w, https:\/\/oncoestetica.es\/blog\/wp-content\/uploads\/peluca-cabello-natural-1-300x288.jpg 300w\" sizes=\"auto, (max-width: 440px) 100vw, 440px\" \/><\/a><\/p>\n<p>Las <strong>pelucas de pelo humano<\/strong> de la colecci\u00f3n de <strong>ELLEN WILLE<\/strong> tienen toda la <strong>base transpirable e implantada pelo a pelo<\/strong> para que parezca tu cuero cabelludo.<\/p>\n<p>No todas las <strong>pelucas de pelo natural<\/strong> son iguales, la calidad del pelo puede ser diferente y las garant\u00edas sanitarias s\u00f3lo las encontrar\u00e1s en marcas que pasan todos los controles de desinsectaci\u00f3n y fabricaci\u00f3n, ya que cumplen con las <strong>garant\u00edas exigidas por la Uni\u00f3n Europea<\/strong>. Debes desechar las pelucas de dudosa procedencia o fabricaciones artesanas que implantan pelo de origen desconocido.<\/p>\n<blockquote><p><span style=\"text-decoration: underline;\"><strong>Para lavar una peluca de pelo natural tienes que saber lo siguiente<\/strong><\/span><strong>:<\/strong><\/p>\n<p>&#8211; <strong>Es mejor<\/strong> que acudas a un profesional que est\u00e9 acostumbrado a tratar pelucas.<\/p>\n<p>&#8211; En caso de que no puedas<strong> acudir a un profesional<\/strong>, cuando la laves, no debes frotarla, peinarla o retorcerla.<\/p>\n<p>&#8211; <strong>Utiliza un champ\u00fa nutritivo<\/strong>, m\u00f3jala, aplica el champ\u00fa desde la ra\u00edz hacia las puntas acariciando la peluca. Aprieta con cuidado y vas sacando la espuma hasta que quede limpia. NO LA DEJES EN REMOJO CON AGUA.<\/p>\n<p>&#8211; Una vez<strong> limpia y aclarada<\/strong>, aplica una mascarilla nutritiva y d\u00e9jala actuar el tiempo requerido por el producto.<\/p>\n<p style=\"text-align: center;\"><strong><span style=\"color: #800000;\">\u00a1OJO: S\u00d3LO DE MEDIOS A PUNTAS!<\/span><\/strong><\/p>\n<\/blockquote>\n<p><span style=\"color: #800000;\"><em><strong>Recuerda:<\/strong> <\/em><\/span>que no debes tocar el tul frontal o LACE FRONT, es muy delicado y fino, de ello depende la naturalidad de la zona frontal.<\/p>\n<p>Por otra parte las <strong>pelucas de cabello sint\u00e9tico o microfibra<\/strong> de alta calidad no requieren de mucho mantenimiento. \u00danicamente recomendamos lavarlas con el champ\u00fa adecuado para mantener su estabilidad y evitar la electricidad est\u00e1tica.<\/p>\n<p><strong>L\u00e1valas lo menos posible<\/strong>, s\u00f3lo cuando realmente lo requiera, es decir, cuando veas que el pelo est\u00e1 m\u00e1s lacio, reseco o apelmazado.<\/p>\n<p>Al igual que las <strong>pelucas de pelo natural<\/strong> no debes tocar ni tirar del <strong>tul frontal o LACE FRONT<\/strong> cuando la coloques, siempre c\u00f3gela del propio cabello con cuidado para girarla y colocarla en el sitio correcto.<\/p>\n<p>Aqu\u00ed os dejo un v\u00eddeo de <strong>COLOCACI\u00d3N DE LA PELUCA<\/strong>, en \u00e9l se ve claramente como al ajustarla o recolocarla, no estiramos del tul frontal, sino del pelo.<\/p>\n<h3 style=\"text-align: center;\"><a href=\"https:\/\/www.youtube.com\/watch?v=k83AA3HMoS8\" target=\"_blank\" rel=\"noopener\">Como colocar mi Peluca, Est\u00e9tica Oncol\u00f3gica<\/a><\/h3>\n<h3 style=\"text-align: center;\"><a href=\"https:\/\/www.youtube.com\/watch?v=00qCIdkOIFM\" target=\"_blank\" rel=\"noopener\">Como lavar una Peluca de Fibra Sint\u00e9tica<\/a><\/h3>\n<blockquote>\n<p style=\"text-align: center;\"><span style=\"color: #000000;\"><em><strong>CONF\u00cdA EN PROFESIONALES<\/strong> QUE TENGAN AMPLIA EXPERIENCIA Y CONS\u00daLTANOS CUALQUIER DUDA SOBRE TU CASO.<\/em><\/span><\/p>\n<\/blockquote>\n<p style=\"text-align: center;\"><strong><span style=\"color: #800000;\">&gt;&gt;<\/span><\/strong>Puedes hacerlo de forma privada tambi\u00e9n en:\u00a0<a href=\"mailto:admon@oncoestetica.es\">admon@oncoestetica.es<\/a><strong><span style=\"color: #800000;\">&lt;&lt;<\/span><\/strong><\/p>\n","protected":false},"excerpt":{"rendered":"<p>Las pelucas para quimioterapia y p\u00e9rdida de cabello son consultadas cada d\u00eda por muchos clientes que se ven en la circunstancia de usarlas, bien por una p\u00e9rdida temporal del cabello o por una alopecia permanente. La primera decisi\u00f3n a tomar es si queremos una peluca de cabello sint\u00e9tico o microfibra o si la preferimos de [&hellip;]<\/p>\n","protected":false},"author":1,"featured_media":4425,"comment_status":"open","ping_status":"closed","sticky":false,"template":"","format":"standard","meta":{"_et_pb_use_builder":"","_et_pb_old_content":"","_et_gb_content_width":"","footnotes":""},"categories":[1117,12],"tags":[1261,182,1032,224,184,183,150,680,1192,1037,1262,1027,1028],"class_list":["post-4413","post","type-post","status-publish","format-standard","has-post-thumbnail","hentry","category-pelucas-oncologicas-y-alopecia","category-productos","tag-cabello-humano","tag-cabello-natural","tag-ellen-wille","tag-estetica-oncologica","tag-lavado-de-pelucas","tag-mantenimiento-pelucas","tag-oncoestetica","tag-pelucas","tag-pelucas-ellen-wille","tag-pelucas-oncologicas","tag-pelucas-para-quimioterapia","tag-pelucas-raquel-welch","tag-raquel-welch"],"_links":{"self":[{"href":"https:\/\/oncoestetica.es\/blog\/index.php\/wp-json\/wp\/v2\/posts\/4413","targetHints":{"allow":["GET"]}}],"collection":[{"href":"https:\/\/oncoestetica.es\/blog\/index.php\/wp-json\/wp\/v2\/posts"}],"about":[{"href":"https:\/\/oncoestetica.es\/blog\/index.php\/wp-json\/wp\/v2\/types\/post"}],"author":[{"embeddable":true,"href":"https:\/\/oncoestetica.es\/blog\/index.php\/wp-json\/wp\/v2\/users\/1"}],"replies":[{"embeddable":true,"href":"https:\/\/oncoestetica.es\/blog\/index.php\/wp-json\/wp\/v2\/comments?post=4413"}],"version-history":[{"count":6,"href":"https:\/\/oncoestetica.es\/blog\/index.php\/wp-json\/wp\/v2\/posts\/4413\/revisions"}],"predecessor-version":[{"id":5716,"href":"https:\/\/oncoestetica.es\/blog\/index.php\/wp-json\/wp\/v2\/posts\/4413\/revisions\/5716"}],"wp:featuredmedia":[{"embeddable":true,"href":"https:\/\/oncoestetica.es\/blog\/index.php\/wp-json\/wp\/v2\/media\/4425"}],"wp:attachment":[{"href":"https:\/\/oncoestetica.es\/blog\/index.php\/wp-json\/wp\/v2\/media?parent=4413"}],"wp:term":[{"taxonomy":"category","embeddable":true,"href":"https:\/\/oncoestetica.es\/blog\/index.php\/wp-json\/wp\/v2\/categories?post=4413"},{"taxonomy":"post_tag","embeddable":true,"href":"https:\/\/oncoestetica.es\/blog\/index.php\/wp-json\/wp\/v2\/tags?post=4413"}],"curies":[{"name":"wp","href":"https:\/\/api.w.org\/{rel}","templated":true}]}}