{"id":4574,"date":"2017-05-02T08:30:01","date_gmt":"2017-05-02T06:30:01","guid":{"rendered":"https:\/\/oncoestetica.es\/blog\/?p=4574"},"modified":"2018-01-18T10:01:41","modified_gmt":"2018-01-18T09:01:41","slug":"quimioterapia-en-verano","status":"publish","type":"post","link":"https:\/\/oncoestetica.es\/blog\/index.php\/2017\/05\/02\/quimioterapia-en-verano\/","title":{"rendered":"Pa\u00f1uelos y Gorros para Quimioterapia en Verano."},"content":{"rendered":"<p>\u00bfC\u00d3MO DEBEN SER LOS TURBANTES Y PA\u00d1UELOS ONCOL\u00d3GICOS DURANTE EL VERANO?<\/p>\n<blockquote><p><em>\u201ccomienzo ahora mi tratamiento de quimio por c\u00e1ncer de mama y me tengo que comprar alg\u00fan turbante y pa\u00f1uelo que sea especial para esta \u00e9poca de calor\u2026no se cu\u00e1l debo elegir y me gustar\u00eda que me aconsejaran, muchas gracias\u2026\u201d<\/em><\/p><\/blockquote>\n<h3><strong><span style=\"color: #800000;\">Oncoest\u00e9tica te ayuda:<\/span><\/strong><\/h3>\n<p>Es l\u00f3gico que tengas dudas, porque hay muchos tipos de tejidos y formas, por lo que es importante elegir lo m\u00e1s adecuado para cada momento.<\/p>\n<p>A continuaci\u00f3n te indicamos los puntos importantes a la hora de<strong> elegir un pa\u00f1uelo para alopecia<\/strong>.<\/p>\n<p>Empezaremos por los <strong>gorros o turbantes<\/strong> para casa. Lo primero deben ser <strong>c\u00f3modos,<\/strong> por eso en Oncoest\u00e9tica los hemos seleccionado en una zona de la tienda que llamamos B\u00c1SICOS Y C\u00d3MODOS.<\/p>\n<p>Estos gorros o <strong>turbantes b\u00e1sicos durante la quimioterapia <\/strong>est\u00e1n pensados para la comodidad en tu casa y han de ser de <strong>tejidos naturales<\/strong> como algod\u00f3n, bamb\u00fa y mezclas con seda y lino.<\/p>\n<p>La mayor\u00eda de los gorritos b\u00e1sicos son de fibras de bamb\u00fa, un tejido natural que tiene unas caracter\u00edsticas especiales por su <strong>transpiraci\u00f3n<\/strong>, absorci\u00f3n del sudor y mucho m\u00e1s.<\/p>\n<p>Estos turbantes son una delicia, se adaptan perfectamente porque son el\u00e1sticos y adem\u00e1s el bamb\u00fa es un tejido <strong>anti-bacterias<\/strong> con muchas ventajas.<\/p>\n<p>Es muy suave con la piel y evita irritaciones, ya que son dise\u00f1ados sin costuras, adem\u00e1s cuentan con el sello <strong>OEKO-TEX libre de sustancias nocivas<\/strong> para las pieles mas sensibles o al\u00e9rgicas.<\/p>\n<p>Iremos a la<strong> secci\u00f3n de b\u00e1sicos y c\u00f3modos<\/strong>, te anotamos alguno de ellos, para que elijas seg\u00fan tus gustos y necesidades.<\/p>\n<p><a href=\"https:\/\/oncoestetica.es\/categoria\/basicos-y-comodos\" target=\"_blank\" rel=\"noopener noreferrer\"><img loading=\"lazy\" decoding=\"async\" class=\"alignnone size-full wp-image-4579\" src=\"https:\/\/oncoestetica.es\/blog\/wp-content\/uploads\/gorros-basicos-1.jpg\" alt=\"\" width=\"873\" height=\"260\" srcset=\"https:\/\/oncoestetica.es\/blog\/wp-content\/uploads\/gorros-basicos-1.jpg 873w, https:\/\/oncoestetica.es\/blog\/wp-content\/uploads\/gorros-basicos-1-300x89.jpg 300w, https:\/\/oncoestetica.es\/blog\/wp-content\/uploads\/gorros-basicos-1-768x229.jpg 768w\" sizes=\"auto, (max-width: 873px) 100vw, 873px\" \/><\/a><\/p>\n<p>Mira c\u00f3mo colocar tus turbantes b\u00e1sicos:<\/p>\n<p><a href=\"https:\/\/youtu.be\/47ZScLhCwgU\" target=\"_blank\" rel=\"noopener noreferrer\">Este v\u00eddeo<\/a> te ense\u00f1a a darle uso a las Bandas\/Turbante Karma. Te dan mucho juego y son muy econ\u00f3micas\u2026<\/p>\n<blockquote>\n<h3 style=\"text-align: center;\">\u21d2<a href=\"https:\/\/www.youtube.com\/watch?v=nbZhqreJ2ow&amp;feature=youtu.be\" target=\"_blank\" rel=\"noopener noreferrer\">Turbante Lotus<\/a>\u21d0<\/h3>\n<\/blockquote>\n<p><a href=\"https:\/\/www.youtube.com\/watch?v=9-wVADgJinE&amp;feature=youtu.be\" target=\"_blank\" rel=\"noopener noreferrer\">Pa\u00f1uelo atado<\/a> largo Modelos Mantra, disponibles en b\u00e1sico y liso y en tejido estampado en la secci\u00f3n de verano:<\/p>\n<p>Otro tipo de pa\u00f1uelos muy adecuados son los de la secci\u00f3n de <strong>Pa\u00f1uelos oncol\u00f3gicos de Verano<\/strong>, \u00a0como ver\u00e1s, tambi\u00e9n son tejidos naturales, pero con la diferencia que sus colores son estampados y m\u00e1s \u201cvestidos\u201d para verte m\u00e1s favorecida y con un look m\u00e1s acorde con tu ropa de salir, <strong><em>\u00a1Verte guapa es importante!<\/em><\/strong><\/p>\n<p><img loading=\"lazy\" decoding=\"async\" class=\"alignnone size-full wp-image-4580\" src=\"https:\/\/oncoestetica.es\/blog\/wp-content\/uploads\/quimio-verano.jpg\" alt=\"quimio verano\" width=\"873\" height=\"260\" srcset=\"https:\/\/oncoestetica.es\/blog\/wp-content\/uploads\/quimio-verano.jpg 873w, https:\/\/oncoestetica.es\/blog\/wp-content\/uploads\/quimio-verano-300x89.jpg 300w, https:\/\/oncoestetica.es\/blog\/wp-content\/uploads\/quimio-verano-768x229.jpg 768w\" sizes=\"auto, (max-width: 873px) 100vw, 873px\" \/><\/p>\n<p>Este modelo, dos piezas, es el <strong>KARMA<\/strong>, lo tienes en toda la tienda en verano e invierno en diferentes estampados.<\/p>\n<blockquote>\n<h3 style=\"text-align: center;\"><a href=\"https:\/\/www.youtube.com\/watch?v=5xOPAbza474&amp;feature=youtu.be\" target=\"_blank\" rel=\"noopener noreferrer\">\u21d2Se coloca as\u00ed\u21d0<\/a><\/h3>\n<\/blockquote>\n<p>Si te gusta dar paseos o estar en la naturaleza, no debes prescindir de hacerlo, pero siempre hazlo con las debidas precauciones.<\/p>\n<p>Durante el verano, el calor y la radiaci\u00f3n ultravioleta est\u00e1 mucho m\u00e1s fuertes, por lo que te recomendamos que utilices gorras con viseras grandes que te protejan adecuadamente.<\/p>\n<p>Hoy en d\u00eda, \u00a0contamos con<strong> gorras especiales<\/strong>, que adem\u00e1s de todo ello tienen protecci\u00f3n solar<strong> spf 50<\/strong> en su tejido, por lo que tu cabecita se mantiene protegida en todo momento.<\/p>\n<p>Estas gorras, no llevan costuras y no es necesario que uses gorros debajo, su forro es suave, transpirable y para pieles sensibles. Su dise\u00f1o, a pesar de parecer una gorra normal, como otras\u2026, no lo es, son adaptadas, ya que cubren toda la cabeza hasta la nuca.<\/p>\n<p>Mira los modelos\u00a0 y colores que m\u00e1s te gusten y hazte con alguna de ellas, seguro que le das mucho uso.<\/p>\n<p><a href=\"https:\/\/oncoestetica.es\/categoria\/gorras-viseras-y-linea-de-bano\" target=\"_blank\" rel=\"noopener noreferrer\"><img loading=\"lazy\" decoding=\"async\" class=\"alignnone size-full wp-image-4582\" src=\"https:\/\/oncoestetica.es\/blog\/wp-content\/uploads\/gorras-bano.jpg\" alt=\"gorras bano\" width=\"873\" height=\"260\" srcset=\"https:\/\/oncoestetica.es\/blog\/wp-content\/uploads\/gorras-bano.jpg 873w, https:\/\/oncoestetica.es\/blog\/wp-content\/uploads\/gorras-bano-300x89.jpg 300w, https:\/\/oncoestetica.es\/blog\/wp-content\/uploads\/gorras-bano-768x229.jpg 768w\" sizes=\"auto, (max-width: 873px) 100vw, 873px\" \/><\/a><\/p>\n<h3 style=\"text-align: center;\">NICE SOLEIL &#8211; GORRA SPF 50<\/h3>\n<p style=\"text-align: center;\"><a href=\"https:\/\/oncoestetica.es\/gorras-viseras-y-linea-de-bano\/gorra-8219-christine-alopecia-quimioterapia-oncologica.html\" target=\"_blank\" rel=\"noopener noreferrer\"><img loading=\"lazy\" decoding=\"async\" class=\"alignnone size-full wp-image-4583\" src=\"https:\/\/oncoestetica.es\/blog\/wp-content\/uploads\/panuelo-christine-1.jpg\" alt=\"\" width=\"440\" height=\"422\" srcset=\"https:\/\/oncoestetica.es\/blog\/wp-content\/uploads\/panuelo-christine-1.jpg 440w, https:\/\/oncoestetica.es\/blog\/wp-content\/uploads\/panuelo-christine-1-300x288.jpg 300w\" sizes=\"auto, (max-width: 440px) 100vw, 440px\" \/><\/a><\/p>\n<h3 style=\"text-align: center;\">LAGUNA GORRA CON LAZO SPF 50<\/h3>\n<p style=\"text-align: center;\"><a href=\"https:\/\/oncoestetica.es\/gorras-viseras-y-linea-de-bano\/gorra-christine-8236-alopecia.html\" target=\"_blank\" rel=\"noopener noreferrer\"><img loading=\"lazy\" decoding=\"async\" class=\"alignnone size-full wp-image-4584\" src=\"https:\/\/oncoestetica.es\/blog\/wp-content\/uploads\/christine-colection-4.jpg\" alt=\"christine colection\" width=\"440\" height=\"422\" srcset=\"https:\/\/oncoestetica.es\/blog\/wp-content\/uploads\/christine-colection-4.jpg 440w, https:\/\/oncoestetica.es\/blog\/wp-content\/uploads\/christine-colection-4-300x288.jpg 300w\" sizes=\"auto, (max-width: 440px) 100vw, 440px\" \/><\/a><\/p>\n<p>Recuerda que cualquier<strong> turbante o pa\u00f1uelo<\/strong> no es apto para la alopecia, algunos turbantes de moda que venden en algunas tiendas, est\u00e1n pensados para personas con pelo, y aunque su dise\u00f1o pueda parecer similar, no lo es.<\/p>\n<p>Algunos son de licras o poli\u00e9ster que no dejan transpirar tu piel y su contacto directo puede <strong>producir irritaciones<\/strong>, adem\u00e1s la mayor\u00eda llevan remallados y costuras internas que te pueden producir roces molestos.<\/p>\n<p>Los <strong>pa\u00f1uelos o gorritos oncol\u00f3gicos<\/strong> son especiales para la alopecia, est\u00e1n dise\u00f1ados para estar en contacto directo con la piel y su acabado es como un turbante de moda.<\/p>\n<p>Han sido dise\u00f1ados pensando en este momento del tratamiento, cuando la piel est\u00e1 m\u00e1s sensible y su acabado se adapta muy bien cuando se pierde el cabello.<\/p>\n<blockquote><p><em><span style=\"color: #339966;\"><strong>Recuerda:<\/strong> <\/span>Adaptados, transpirables, sin costuras, con tejidos naturales\u2026<\/em><\/p><\/blockquote>\n<h2 style=\"text-align: center;\"><span style=\"color: #800000;\">Verte bien, es importante<\/span><\/h2>\n","protected":false},"excerpt":{"rendered":"<p>\u00bfC\u00d3MO DEBEN SER LOS TURBANTES Y PA\u00d1UELOS ONCOL\u00d3GICOS DURANTE EL VERANO? \u201ccomienzo ahora mi tratamiento de quimio por c\u00e1ncer de mama y me tengo que comprar alg\u00fan turbante y pa\u00f1uelo que sea especial para esta \u00e9poca de calor\u2026no se cu\u00e1l debo elegir y me gustar\u00eda que me aconsejaran, muchas gracias\u2026\u201d Oncoest\u00e9tica te ayuda: Es l\u00f3gico [&hellip;]<\/p>\n","protected":false},"author":1,"featured_media":4586,"comment_status":"open","ping_status":"closed","sticky":false,"template":"","format":"standard","meta":{"_et_pb_use_builder":"","_et_pb_old_content":"","_et_gb_content_width":"","footnotes":""},"categories":[1245],"tags":[224,1263,425,1236,203,591],"class_list":["post-4574","post","type-post","status-publish","format-standard","has-post-thumbnail","hentry","category-quimioterapia","tag-estetica-oncologica","tag-gorro-quimio","tag-panuelo-quimio","tag-quimio","tag-quimioterapia","tag-turbante-quimio"],"_links":{"self":[{"href":"https:\/\/oncoestetica.es\/blog\/index.php\/wp-json\/wp\/v2\/posts\/4574","targetHints":{"allow":["GET"]}}],"collection":[{"href":"https:\/\/oncoestetica.es\/blog\/index.php\/wp-json\/wp\/v2\/posts"}],"about":[{"href":"https:\/\/oncoestetica.es\/blog\/index.php\/wp-json\/wp\/v2\/types\/post"}],"author":[{"embeddable":true,"href":"https:\/\/oncoestetica.es\/blog\/index.php\/wp-json\/wp\/v2\/users\/1"}],"replies":[{"embeddable":true,"href":"https:\/\/oncoestetica.es\/blog\/index.php\/wp-json\/wp\/v2\/comments?post=4574"}],"version-history":[{"count":8,"href":"https:\/\/oncoestetica.es\/blog\/index.php\/wp-json\/wp\/v2\/posts\/4574\/revisions"}],"predecessor-version":[{"id":4588,"href":"https:\/\/oncoestetica.es\/blog\/index.php\/wp-json\/wp\/v2\/posts\/4574\/revisions\/4588"}],"wp:featuredmedia":[{"embeddable":true,"href":"https:\/\/oncoestetica.es\/blog\/index.php\/wp-json\/wp\/v2\/media\/4586"}],"wp:attachment":[{"href":"https:\/\/oncoestetica.es\/blog\/index.php\/wp-json\/wp\/v2\/media?parent=4574"}],"wp:term":[{"taxonomy":"category","embeddable":true,"href":"https:\/\/oncoestetica.es\/blog\/index.php\/wp-json\/wp\/v2\/categories?post=4574"},{"taxonomy":"post_tag","embeddable":true,"href":"https:\/\/oncoestetica.es\/blog\/index.php\/wp-json\/wp\/v2\/tags?post=4574"}],"curies":[{"name":"wp","href":"https:\/\/api.w.org\/{rel}","templated":true}]}}