{"id":4787,"date":"2017-09-05T08:30:16","date_gmt":"2017-09-05T06:30:16","guid":{"rendered":"https:\/\/oncoestetica.es\/blog\/?p=4787"},"modified":"2017-09-04T19:09:26","modified_gmt":"2017-09-04T17:09:26","slug":"tratamiento-radioterapia","status":"publish","type":"post","link":"https:\/\/oncoestetica.es\/blog\/index.php\/2017\/09\/05\/tratamiento-radioterapia\/","title":{"rendered":"Tratamiento Radioterapia, Efectos y Reacciones."},"content":{"rendered":"<p>Dependiendo de la parte del cuerpo sobre la que se realice el <strong>tratamiento Radioterapia<\/strong> podemos experimentar reacciones en la piel, cansancio, o por el contrario <strong>no sufrir ning\u00fan efecto secundario<\/strong>.<\/p>\n<blockquote>\n<p style=\"text-align: center;\"><span style=\"color: #800000;\"><em>Es importante su estado f\u00edsico como tambi\u00e9n la dosis de cada sesi\u00f3n.<\/em><\/span><\/p>\n<\/blockquote>\n<p>Ya que no podemos predecir los<strong> efectos por radioterapia<\/strong>, debemos seguir una serie de pautas para prevenir o <strong>cuidarnos durante el tratamiento<\/strong>: una buena alimentaci\u00f3n, dormir bien por las noches, cuidados preventivos de la piel <span style=\"color: #800000;\"><em>antes-durante-despu\u00e9s de Radioterapia<\/em><\/span>.<\/p>\n<p>Desde que empezamos el tratamiento tenemos que vigilar a diario como nos sentimos. <em><span style=\"color: #800000;\">\u00a1Cuidado con el Cansancio!<\/span><\/em><\/p>\n<p>El cansancio afecta directamente a nuestro estado de \u00e1nimo, por lo que puede que tengamos sentimientos contradictorios. <strong>Si estamos cansados<\/strong> podemos ser impacientes, negativos, o incluso sentirnos frustrados con la situaci\u00f3n.<\/p>\n<p>Para evitar este tipo de situaciones tenemos que <strong>permitir a los profesionales que nos ayuden<\/strong> y nos orienten como debemos afrontar esta nueva situaci\u00f3n en nuestras vidas, para <em><span style=\"color: #800000;\">superarla lo antes posible<\/span><\/em>.<\/p>\n<p>Como dejamos claro al principio, hay casos en los que<strong> aparecen efectos secundarios de inmediato<\/strong>, y en otros el paciente no experimenta ning\u00fan cambio, todo esto debe llevar un control que nos permita<strong> reaccionar a tiempo<\/strong>.<\/p>\n<p>Si hacemos deporte, no tiene porque ser la soluci\u00f3n, tenemos que <strong>adaptarnos a la situaci\u00f3n<\/strong> de cada momento siguiendo las <strong>recomendaciones de nuestro Onc\u00f3logo<\/strong> y\/o <strong>Psico-onc\u00f3logo<\/strong>.<\/p>\n<p>Los <strong>Efectos de la Radioterapia<\/strong> desaparecen a las semanas normalmente, cuando nuestro cuerpo es capaz de expulsar todos los agentes del <strong>tratamiento por Radioterapia<\/strong>.<\/p>\n<div id=\"attachment_4794\" style=\"width: 310px\" class=\"wp-caption aligncenter\"><a href=\"https:\/\/oncoestetica.es\/radioterapia-sativa\/sativa-mtex-cosmeclinik-senos-radioterpia.html\" target=\"_blank\" rel=\"noopener noreferrer\"><img loading=\"lazy\" decoding=\"async\" aria-describedby=\"caption-attachment-4794\" class=\"wp-image-4794 size-medium\" src=\"https:\/\/oncoestetica.es\/blog\/wp-content\/uploads\/radioterapia-senos-1-300x288.jpg\" alt=\"radioterapia senos\" width=\"300\" height=\"288\" srcset=\"https:\/\/oncoestetica.es\/blog\/wp-content\/uploads\/radioterapia-senos-1-300x288.jpg 300w, https:\/\/oncoestetica.es\/blog\/wp-content\/uploads\/radioterapia-senos-1.jpg 440w\" sizes=\"auto, (max-width: 300px) 100vw, 300px\" \/><\/a><p id=\"caption-attachment-4794\" class=\"wp-caption-text\"><strong>CREMA PROTECTORA SENOS<\/strong><\/p><\/div>\n<h2 style=\"text-align: center;\"><span style=\"color: #800000;\">Tratamiento Radioterapia, \u00bfQu\u00e9 debemos vigilar?<\/span><\/h2>\n<p>Nuestra piel, Cabello, Boca, problemas de alimentaci\u00f3n, no ir al ba\u00f1o correctamente y estado de \u00e1nimo, entre otros.<\/p>\n<p>Todos estos s\u00edntomas tienen que tener un control para que as\u00ed cualquiera de ellos se pueda corregir lo antes posible, no aguantes por parecer m\u00e1s fuerte, y <strong>deja que los profesionales te ayuden<\/strong> en cada momento.<\/p>\n<p><strong>Es normal que te sientas mal<\/strong>, que el cansancio muchas veces pueda con tu voluntad, pero no estas sol@. Equipos de profesionales que est\u00e1n a tu disposici\u00f3n te pueden ayudar a sentirte mejor y as\u00ed <strong>superar cada escal\u00f3n de la enfermedad<\/strong>.<\/p>\n<p>Para tus intentar paliar algunos de los s\u00edntomas en nuestro Cabello, en nuestra piel&#8230; Existen productos espec\u00edficos que sirven para la <strong>Prevenci\u00f3n y Cuidados por Radioterapia.<\/strong><\/p>\n<p>A continuaci\u00f3n te dejamos un enlace directo a la <strong>secci\u00f3n espec\u00edfica para tu cuidado<\/strong> de: Senos, Cuerpo, Cuello, Torax, Abdomen, Vaginal y Perianal, ducha e Hidrataci\u00f3n, y cuidados Pre-Radioterapia.<\/p>\n<p><a href=\"https:\/\/oncoestetica.es\/categoria\/radioterapia-sativa\" target=\"_blank\" rel=\"noopener noreferrer\"><img loading=\"lazy\" decoding=\"async\" class=\"alignnone size-full wp-image-4790\" src=\"https:\/\/oncoestetica.es\/blog\/wp-content\/uploads\/cuidados-radioterapia-1.jpg\" alt=\"cuidados radioterapia\" width=\"873\" height=\"260\" srcset=\"https:\/\/oncoestetica.es\/blog\/wp-content\/uploads\/cuidados-radioterapia-1.jpg 873w, https:\/\/oncoestetica.es\/blog\/wp-content\/uploads\/cuidados-radioterapia-1-300x89.jpg 300w, https:\/\/oncoestetica.es\/blog\/wp-content\/uploads\/cuidados-radioterapia-1-768x229.jpg 768w\" sizes=\"auto, (max-width: 873px) 100vw, 873px\" \/><\/a><\/p>\n<p style=\"text-align: center;\"><em><span style=\"color: #800000;\">\u00bfVas a recibir Radioterapia en la Mama?\u00a0<\/span><\/em><\/p>\n<h2 style=\"text-align: center;\"><a href=\"https:\/\/oncoestetica.es\/blog\/index.php\/radioterapia-seno\/\" target=\"_blank\" rel=\"noopener noreferrer\"><strong>\u21d2<\/strong>Radioterapia Seno<strong>\u21d0<\/strong><\/a><\/h2>\n","protected":false},"excerpt":{"rendered":"<p>Dependiendo de la parte del cuerpo sobre la que se realice el tratamiento Radioterapia podemos experimentar reacciones en la piel, cansancio, o por el contrario no sufrir ning\u00fan efecto secundario. Es importante su estado f\u00edsico como tambi\u00e9n la dosis de cada sesi\u00f3n. Ya que no podemos predecir los efectos por radioterapia, debemos seguir una serie [&hellip;]<\/p>\n","protected":false},"author":1,"featured_media":4789,"comment_status":"open","ping_status":"closed","sticky":false,"template":"","format":"standard","meta":{"_et_pb_use_builder":"","_et_pb_old_content":"","_et_gb_content_width":"","footnotes":""},"categories":[1284],"tags":[1286,1160,211,204,1285,1161],"class_list":["post-4787","post","type-post","status-publish","format-standard","has-post-thumbnail","hentry","category-radioterapia","tag-cuidados-por-radioterapia","tag-cuidados-radioterapia","tag-efectos-radioterapia","tag-radioterapia","tag-tratamiento-de-radioterapia","tag-tratamiento-radioterapia"],"_links":{"self":[{"href":"https:\/\/oncoestetica.es\/blog\/index.php\/wp-json\/wp\/v2\/posts\/4787","targetHints":{"allow":["GET"]}}],"collection":[{"href":"https:\/\/oncoestetica.es\/blog\/index.php\/wp-json\/wp\/v2\/posts"}],"about":[{"href":"https:\/\/oncoestetica.es\/blog\/index.php\/wp-json\/wp\/v2\/types\/post"}],"author":[{"embeddable":true,"href":"https:\/\/oncoestetica.es\/blog\/index.php\/wp-json\/wp\/v2\/users\/1"}],"replies":[{"embeddable":true,"href":"https:\/\/oncoestetica.es\/blog\/index.php\/wp-json\/wp\/v2\/comments?post=4787"}],"version-history":[{"count":6,"href":"https:\/\/oncoestetica.es\/blog\/index.php\/wp-json\/wp\/v2\/posts\/4787\/revisions"}],"predecessor-version":[{"id":4796,"href":"https:\/\/oncoestetica.es\/blog\/index.php\/wp-json\/wp\/v2\/posts\/4787\/revisions\/4796"}],"wp:featuredmedia":[{"embeddable":true,"href":"https:\/\/oncoestetica.es\/blog\/index.php\/wp-json\/wp\/v2\/media\/4789"}],"wp:attachment":[{"href":"https:\/\/oncoestetica.es\/blog\/index.php\/wp-json\/wp\/v2\/media?parent=4787"}],"wp:term":[{"taxonomy":"category","embeddable":true,"href":"https:\/\/oncoestetica.es\/blog\/index.php\/wp-json\/wp\/v2\/categories?post=4787"},{"taxonomy":"post_tag","embeddable":true,"href":"https:\/\/oncoestetica.es\/blog\/index.php\/wp-json\/wp\/v2\/tags?post=4787"}],"curies":[{"name":"wp","href":"https:\/\/api.w.org\/{rel}","templated":true}]}}