{"id":5098,"date":"2018-04-16T16:28:22","date_gmt":"2018-04-16T14:28:22","guid":{"rendered":"https:\/\/oncoestetica.es\/blog\/?p=5098"},"modified":"2026-04-22T16:40:46","modified_gmt":"2026-04-22T14:40:46","slug":"el-pelo-despues-de-la-quimioterapia-cuando-me-crecera-el-pelo","status":"publish","type":"post","link":"https:\/\/oncoestetica.es\/blog\/index.php\/2018\/04\/16\/el-pelo-despues-de-la-quimioterapia-cuando-me-crecera-el-pelo\/","title":{"rendered":"EL PELO DESPU\u00c9S DE LA QUIMIOTERAPIA. \u00bfCU\u00c1NDO ME CRECER\u00c1 EL PELO?"},"content":{"rendered":"<p>Tenemos muchas consultas sobre la quimioterapia y el cabello.<\/p>\n<p>Hoy vamos a hablar sobre de que pasa despu\u00e9s del tratamiento oncol\u00f3gico con nuestro pelo.<\/p>\n<h2 style=\"text-align: center;\"><span style=\"color: #993300;\"><strong>Una vez terminada la quimioterapia \u00bfQu\u00e9 pasa con mi cabello?<\/strong><\/span><\/h2>\n<h2 style=\"text-align: center;\"><span style=\"color: #993300;\"><strong><img loading=\"lazy\" decoding=\"async\" class=\"alignnone size-full wp-image-4056\" src=\"https:\/\/oncoestetica.es\/blog\/wp-content\/uploads\/maquillaje-durante-quimioterapia.jpg\" alt=\"maquillaje durante quimioterapia\" width=\"500\" height=\"330\" srcset=\"https:\/\/oncoestetica.es\/blog\/wp-content\/uploads\/maquillaje-durante-quimioterapia.jpg 500w, https:\/\/oncoestetica.es\/blog\/wp-content\/uploads\/maquillaje-durante-quimioterapia-300x198.jpg 300w\" sizes=\"auto, (max-width: 500px) 100vw, 500px\" \/><\/strong><\/span><\/h2>\n<p>&nbsp;<\/p>\n<p>Si lo explicamos en fases ser\u00edan las siguientes:<\/p>\n<p>&nbsp;<\/p>\n<p>1\u00aa FASE \u2013 La aplicaci\u00f3n de f\u00e1rmacos como la quimioterapia producen una <strong>p\u00e9rdida de cabello<\/strong> que se manifiesta <strong>a los 15-17 d\u00edas<\/strong> de la 1\u00aa sesi\u00f3n. Se recomienda rasurar o <strong>cortar con maquinilla a 2mm. NO AFEITAR.<\/strong><\/p>\n<p>&nbsp;<\/p>\n<p>2\u00aa FASE &#8211; En ese momento, pasados los primeros 15-17 d\u00edas desde la primera sesi\u00f3n, se pierde entre un 70% y un 90% del cabello, por lo que hay que hacer <strong>uso de complementos (pelucas y pa\u00f1uelos)<\/strong> para proteger el cuero cabelludo que ahora est\u00e1 m\u00e1s sensible.<\/p>\n<p>&nbsp;<\/p>\n<p>3\u00aa FASE- Durante el tratamiento, <strong>el cabello deja de crecer<\/strong>. En ocasiones, pueden aparecer algunos cabellos nuevos, muy finos y dispersos que suelen ser parecidos a un vello fino.<\/p>\n<p>&nbsp;<\/p>\n<p>4\u00aa FASE- Una vez terminado el tratamiento <strong>el cabello comienza a crecer a los 35-40 d\u00edas de la \u00faltima sesi\u00f3n.<\/strong><\/p>\n<p>El cabello crece a raz\u00f3n de 1cm al mes, por lo que el efecto de cubrir todo el cuero cabelludo suele ser un poco m\u00e1s lento al principio. Generalmente, ese primer cent\u00edmetro es un cabello m\u00e1s fino de lo normal, por lo que tendremos que esperar un poco m\u00e1s para verlo con nuestro grosor y textura habituales.<\/p>\n<p>Para activar el crecimiento del cabello y fortalecerlo, puedes aplicar cada noche un concentrado de vitaminas que activa el crecimiento y el grosor del pelo. Est\u00e1n compuestos por complejos de activos que nutren el fol\u00edculo piloso y aceleran el crecimiento del cabello.<\/p>\n<p>Pueden ayudarte algunos como por ejemplo:<\/p>\n<p style=\"text-align: center;\"><strong>ESTIMULANTE CAPILAR MUCOTRIC<\/strong><\/p>\n<p><a href=\"https:\/\/oncoestetica.es\/cosmetica-cuero-cabelludo-oncologia\/16-mucotric-estimulante-capilar-recuperacion-y-crecimiento-del-cabello-8436604451016.html\"><img loading=\"lazy\" decoding=\"async\" class=\"wp-image-6005 aligncenter\" src=\"https:\/\/oncoestetica.es\/blog\/wp-content\/uploads\/estimulante-crecimiento-cabello-mucotric-sin-parabenes-1.jpg\" alt=\"\" width=\"449\" height=\"449\" \/><\/a><\/p>\n<p>A partir de este momento y pasados unos 4 meses suele ser el momento de hacer la primera coloraci\u00f3n(en el caso de que sea necesario)<\/p>\n<p>&nbsp;<\/p>\n<blockquote>\n<h3><span style=\"color: #993300;\"><strong>El tinte que aplicaremos ser\u00e1 lo m\u00e1s natural posible, sin PPD NI AMONIACO.<\/strong><\/span><\/h3>\n<\/blockquote>\n<p style=\"text-align: center;\">Nosotros RECOMENDAMOS:\u00a0 <strong>NATURES HAIR COLOR DE APIVITA.<\/strong><\/p>\n<p>&nbsp;<\/p>\n<p style=\"text-align: center;\"><a href=\"https:\/\/oncoestetica.es\/categoria\/tintes-apivita-sin-ppd\"><img loading=\"lazy\" decoding=\"async\" class=\"alignnone size-full wp-image-2906\" src=\"https:\/\/oncoestetica.es\/blog\/wp-content\/uploads\/apivita-natures-hair.jpg\" alt=\"apivita natures hair\" width=\"450\" height=\"450\" srcset=\"https:\/\/oncoestetica.es\/blog\/wp-content\/uploads\/apivita-natures-hair.jpg 450w, https:\/\/oncoestetica.es\/blog\/wp-content\/uploads\/apivita-natures-hair-150x150.jpg 150w, https:\/\/oncoestetica.es\/blog\/wp-content\/uploads\/apivita-natures-hair-300x300.jpg 300w\" sizes=\"auto, (max-width: 450px) 100vw, 450px\" \/><\/a><\/p>\n<p>&nbsp;<\/p>\n<p><strong>ATENCI\u00d3N: realiza un test de alergia o prueba de toque si no te has te\u00f1ido, o hace mucho que no lo has hecho, para asegurarte.<\/strong><\/p>\n<p>Test de alergia: prepara un peque\u00f1a cantidad de tinte con oxidante y ponlo en una tirita. Pega la tirita detr\u00e1s de la oreja o en lacara interna del antebrazo. D\u00e9jalo actuar durante 12 horas. Si notas picor o enrojecimiento, l\u00e1valo lo antes posible. Si al retirarlo la piel esta bien, puedes te\u00f1ir sin riesgos.<\/p>\n<p>&nbsp;<\/p>\n<p>Estos tintes cuidan el cabello y la piel y evitan la mayor\u00eda de alergias porque no contienen PPd, Amoniaco, alcohol, Resocinol, parabenos o siliconas.<\/p>\n<p>&nbsp;<\/p>\n<p>Una vez que el cabello comienza a crecer, intenta llevar la peluca y pa\u00f1uelos lo menos posible para que cuero cabelludo est\u00e9 m\u00e1s oxigenado, de esta forma el cabello te saldr\u00e1 mujer y m\u00e1s r\u00e1pido.<\/p>\n<p>&nbsp;<\/p>\n<p>Las zonas m\u00e1s conflictivas son la zona superior y las entradas.<\/p>\n<p>&nbsp;<\/p>\n<p>Si tu pelo era fino y d\u00e9bil al inicio del tratamiento, debes cuidarlo mucho en el momento del crecimiento, ya que su recuperaci\u00f3n ser\u00e1 m\u00e1s lenta.<\/p>\n<p>&nbsp;<\/p>\n<p>Realiza los cortes de puntas que necesites para acomodarlo a tu estilo mientras va creciendo.<\/p>\n<p>&nbsp;<\/p>\n<blockquote>\n<h3 style=\"text-align: center;\"><span style=\"color: #993300;\"><strong>RECUERDA: CONSULTANOS TUS DUDAS CUANDO LO NECESITES.\u00a0<\/strong><\/span><\/h3>\n<\/blockquote>\n","protected":false},"excerpt":{"rendered":"<p>Tenemos muchas consultas sobre la quimioterapia y el cabello. Hoy vamos a hablar sobre de que pasa despu\u00e9s del tratamiento oncol\u00f3gico con nuestro pelo. Una vez terminada la quimioterapia \u00bfQu\u00e9 pasa con mi cabello? &nbsp; Si lo explicamos en fases ser\u00edan las siguientes: &nbsp; 1\u00aa FASE \u2013 La aplicaci\u00f3n de f\u00e1rmacos como la quimioterapia producen [&hellip;]<\/p>\n","protected":false},"author":1,"featured_media":0,"comment_status":"open","ping_status":"closed","sticky":false,"template":"","format":"standard","meta":{"_et_pb_use_builder":"","_et_pb_old_content":"","_et_gb_content_width":"","footnotes":""},"categories":[7,12],"tags":[810,209,934,998],"class_list":["post-5098","post","type-post","status-publish","format-standard","hentry","category-consejos","category-productos","tag-cancer-consejos","tag-crecer-pelo","tag-perdida-de-pelo-quimioterapia","tag-tenirse-el-pelo-quimio"],"_links":{"self":[{"href":"https:\/\/oncoestetica.es\/blog\/index.php\/wp-json\/wp\/v2\/posts\/5098","targetHints":{"allow":["GET"]}}],"collection":[{"href":"https:\/\/oncoestetica.es\/blog\/index.php\/wp-json\/wp\/v2\/posts"}],"about":[{"href":"https:\/\/oncoestetica.es\/blog\/index.php\/wp-json\/wp\/v2\/types\/post"}],"author":[{"embeddable":true,"href":"https:\/\/oncoestetica.es\/blog\/index.php\/wp-json\/wp\/v2\/users\/1"}],"replies":[{"embeddable":true,"href":"https:\/\/oncoestetica.es\/blog\/index.php\/wp-json\/wp\/v2\/comments?post=5098"}],"version-history":[{"count":7,"href":"https:\/\/oncoestetica.es\/blog\/index.php\/wp-json\/wp\/v2\/posts\/5098\/revisions"}],"predecessor-version":[{"id":5104,"href":"https:\/\/oncoestetica.es\/blog\/index.php\/wp-json\/wp\/v2\/posts\/5098\/revisions\/5104"}],"wp:attachment":[{"href":"https:\/\/oncoestetica.es\/blog\/index.php\/wp-json\/wp\/v2\/media?parent=5098"}],"wp:term":[{"taxonomy":"category","embeddable":true,"href":"https:\/\/oncoestetica.es\/blog\/index.php\/wp-json\/wp\/v2\/categories?post=5098"},{"taxonomy":"post_tag","embeddable":true,"href":"https:\/\/oncoestetica.es\/blog\/index.php\/wp-json\/wp\/v2\/tags?post=5098"}],"curies":[{"name":"wp","href":"https:\/\/api.w.org\/{rel}","templated":true}]}}