{"id":5153,"date":"2018-06-13T14:37:45","date_gmt":"2018-06-13T12:37:45","guid":{"rendered":"https:\/\/oncoestetica.es\/blog\/?p=5153"},"modified":"2019-12-21T17:58:57","modified_gmt":"2019-12-21T16:58:57","slug":"tintes-despues-de-la-quimioterapia-sin-ppd-cuando-me-puedo-tenir-y-con-que","status":"publish","type":"post","link":"https:\/\/oncoestetica.es\/blog\/index.php\/2018\/06\/13\/tintes-despues-de-la-quimioterapia-sin-ppd-cuando-me-puedo-tenir-y-con-que\/","title":{"rendered":"TINTES DESPU\u00c9S DE LA QUIMIOTERAPIA &#8211; SIN PPD. \u00bfCU\u00c1NDO ME PUEDO TE\u00d1IR Y CON QU\u00c9?"},"content":{"rendered":"<p>Hoy vamos a despejar dudas sobre un tema que nos consultan mucho.<\/p>\n<blockquote>\n<p style=\"text-align: center;\">\u00bfCu\u00e1ndo te\u00f1irme el pelo despu\u00e9s de la quimioterapia y con qu\u00e9?<\/p>\n<\/blockquote>\n<p><img loading=\"lazy\" decoding=\"async\" class=\"wp-image-4708 aligncenter\" src=\"https:\/\/oncoestetica.es\/blog\/wp-content\/uploads\/dudas-quimio.jpg\" alt=\"dudas quimio\" width=\"532\" height=\"399\" srcset=\"https:\/\/oncoestetica.es\/blog\/wp-content\/uploads\/dudas-quimio.jpg 680w, https:\/\/oncoestetica.es\/blog\/wp-content\/uploads\/dudas-quimio-300x225.jpg 300w\" sizes=\"auto, (max-width: 532px) 100vw, 532px\" \/><\/p>\n<p>Una vez terminados los ciclos de tratamiento, el cabello comienza a crecer.<\/p>\n<p>Durante muchos meses el pelo ha estado inactivo, por lo que al principio, podemos notar un cabello algo diferente en textura, ondulaci\u00f3n y color.<\/p>\n<p>Generalmente se observa una pelusilla fina y m\u00e1s clara en los primeros d\u00edas, que luego va aumentando en densidad y grosor.<\/p>\n<blockquote><p>El cabello comienza a crecer normalmente hacia la 6 semana despu\u00e9s de la \u00faltima sesi\u00f3n.<\/p><\/blockquote>\n<p>El pelo crece a raz\u00f3n de 1cm al mes de media, por lo que debemos esperar a tener entre 3 y 4 cm para la primera coloraci\u00f3n.<\/p>\n<div id=\"attachment_1088\" style=\"width: 510px\" class=\"wp-caption aligncenter\"><img loading=\"lazy\" decoding=\"async\" aria-describedby=\"caption-attachment-1088\" class=\"size-full wp-image-1088\" src=\"https:\/\/oncoestetica.es\/blog\/wp-content\/uploads\/Info-estetica-oncologica.jpg\" alt=\"\" width=\"500\" height=\"375\" srcset=\"https:\/\/oncoestetica.es\/blog\/wp-content\/uploads\/Info-estetica-oncologica.jpg 500w, https:\/\/oncoestetica.es\/blog\/wp-content\/uploads\/Info-estetica-oncologica-300x225.jpg 300w\" sizes=\"auto, (max-width: 500px) 100vw, 500px\" \/><p id=\"caption-attachment-1088\" class=\"wp-caption-text\">Est\u00e9tica Oncol\u00f3gica.<\/p><\/div>\n<p>En primer lugar, porque es cuando ya lo necesitamos por el <strong>cambio de color, canas, etc.<\/strong><\/p>\n<p>Y en segundo lugar , porque hay que <strong>darle un tiempo al cuero cabellud<\/strong>o y al cabello nuevo antes de aplicar un tinte, por muy suave que sea.<\/p>\n<p>&nbsp;<\/p>\n<p>Si vemos que nuestro nuevo cabello es algo diferente, no debemos alarmarnos, poco a poco, ir\u00e1 mejorando y creciendo al ritmo normal.<\/p>\n<p><img loading=\"lazy\" decoding=\"async\" class=\"wp-image-2583 aligncenter\" src=\"https:\/\/oncoestetica.es\/blog\/wp-content\/uploads\/alopecia.jpg\" alt=\"alopecia plaquitaxel\" width=\"350\" height=\"336\" srcset=\"https:\/\/oncoestetica.es\/blog\/wp-content\/uploads\/alopecia.jpg 598w, https:\/\/oncoestetica.es\/blog\/wp-content\/uploads\/alopecia-300x287.jpg 300w\" sizes=\"auto, (max-width: 350px) 100vw, 350px\" \/><\/p>\n<p>Al contrario de c\u00f3mo se puede llegar a pensar, o como err\u00f3neamente nos hacen creer, el cabello no sale m\u00e1s fuerte. Generalmente sale igual que lo ten\u00edamos pero necesita su tiempo de recuperaci\u00f3n.<\/p>\n<p>UN CONSEJO: si al inicio del tratamiento, ten\u00edas el cabello fino y con poca densidad, CU\u00cdDALO y ap\u00f3rtale nutrientes para ayudarle a coger fuerza.<\/p>\n<p>&nbsp;<\/p>\n<p>Puedes conseguirlo con complejos vitam\u00ednicos que aumenten su grosor, densidad y crecimiento.<\/p>\n<p>Por ejemplo con estos productos fortalecedores:<\/p>\n<p>&nbsp;<\/p>\n<p>MUCOTRIC de Carebell<\/p>\n<p><a href=\"https:\/\/oncoestetica.es\/cuero-cabelludo-y-cabello\/estimulante-crecimiento-cabello-mucotric-sin-parabenes.html\"><img loading=\"lazy\" decoding=\"async\" class=\"alignnone size-full wp-image-5099 aligncenter\" src=\"https:\/\/oncoestetica.es\/blog\/wp-content\/uploads\/estimulante-crecimiento-cabello-mucotric-sin-parabenes.jpg\" alt=\"\" width=\"440\" height=\"422\" srcset=\"https:\/\/oncoestetica.es\/blog\/wp-content\/uploads\/estimulante-crecimiento-cabello-mucotric-sin-parabenes.jpg 440w, https:\/\/oncoestetica.es\/blog\/wp-content\/uploads\/estimulante-crecimiento-cabello-mucotric-sin-parabenes-300x288.jpg 300w\" sizes=\"auto, (max-width: 440px) 100vw, 440px\" \/><\/a><\/p>\n<p>&nbsp;<\/p>\n<p>HAIR LOSS de Apivita.<\/p>\n<p><a href=\"https:\/\/oncoestetica.es\/cuero-cabelludo-y-cabello\/apivita-hair-loss-lotion-cabello-debilitado.html\"><img loading=\"lazy\" decoding=\"async\" class=\"alignnone size-full wp-image-5100 aligncenter\" src=\"https:\/\/oncoestetica.es\/blog\/wp-content\/uploads\/apivita-hair-loss-lotion-cabello-debilitado.jpg\" alt=\"\" width=\"440\" height=\"422\" srcset=\"https:\/\/oncoestetica.es\/blog\/wp-content\/uploads\/apivita-hair-loss-lotion-cabello-debilitado.jpg 440w, https:\/\/oncoestetica.es\/blog\/wp-content\/uploads\/apivita-hair-loss-lotion-cabello-debilitado-300x288.jpg 300w\" sizes=\"auto, (max-width: 440px) 100vw, 440px\" \/><\/a><\/p>\n<p>&nbsp;<\/p>\n<p style=\"text-align: center;\"><strong>\u00a1Vamos a la coloraci\u00f3n!<\/strong><\/p>\n<p>Pasados unos 4 meses desde la \u00faltima sesi\u00f3n, podemos empezar a pensar en aplicar la primera coloraci\u00f3n.<\/p>\n<p>Si ya te te\u00f1\u00edas anteriormente, puedes pensar en hacerlo directamente, pero con precauciones.<\/p>\n<blockquote>\n<p style=\"text-align: center;\">\u00a0APLICA SIEMPRE TINTES SIN PPD Y SIN AMONIACO.<\/p>\n<p style=\"text-align: center;\"><a href=\"https:\/\/oncoestetica.es\/categoria\/tintes-apivita-sin-ppd\"><img loading=\"lazy\" decoding=\"async\" class=\"alignnone wp-image-2906\" src=\"https:\/\/oncoestetica.es\/blog\/wp-content\/uploads\/apivita-natures-hair.jpg\" alt=\"apivita natures hair\" width=\"359\" height=\"359\" srcset=\"https:\/\/oncoestetica.es\/blog\/wp-content\/uploads\/apivita-natures-hair.jpg 450w, https:\/\/oncoestetica.es\/blog\/wp-content\/uploads\/apivita-natures-hair-150x150.jpg 150w, https:\/\/oncoestetica.es\/blog\/wp-content\/uploads\/apivita-natures-hair-300x300.jpg 300w\" sizes=\"auto, (max-width: 359px) 100vw, 359px\" \/><\/a><\/p>\n<\/blockquote>\n<p>Estos dos compuestos son muy da\u00f1inos para la piel del cuero cabelludo y provocan la mayor\u00eda de las alergias.<\/p>\n<p>&nbsp;<\/p>\n<p>Aun as\u00ed te aconsejamos que hagas primero un <strong>test de alergia<\/strong> o <strong>prueba de toque.<\/strong><\/p>\n<p style=\"text-align: center;\"><strong>\u00bfC\u00d3MO HAGO EL TEST DE ALERGIA AL TINTE?<\/strong><\/p>\n<p style=\"text-align: center;\">\u00a0Mezcla una gota de tinte y una gota de oxidante y apl\u00edcalo en una tirita o ap\u00f3sito. Coloca este ap\u00f3sito detr\u00e1s de la oreja o en la cara interior del brazo.<\/p>\n<p>Debes dejarlo al menos 12 horas para ver el resultado. Si al aplicarlo notas picor o escozor, acl\u00e1ralo inmediatamente con agua. En este caso, no debes te\u00f1irte porque es casi seguro que tengas una reacci\u00f3n al\u00e9rgica.<\/p>\n<p>Si no notas nada y la piel est\u00e1 normal, con un tono correcto, puedes aplicar el tinte sin problemas.<\/p>\n<p>&nbsp;<\/p>\n<p>Ya sabes, m\u00e1s vale prevenir.<\/p>\n<p>&nbsp;<\/p>\n<p><strong>Los tintes NATURES HAIR COLOR DE APIVITA son especiales porque eliminan todas las sustancias m\u00e1s agresivas para la piel, por lo que evitan la mayor\u00eda de las alergias.<\/strong><\/p>\n<p><img loading=\"lazy\" decoding=\"async\" class=\"wp-image-4014 aligncenter\" src=\"https:\/\/oncoestetica.es\/blog\/wp-content\/uploads\/prueba-alergica-tintes.jpg\" alt=\"prueba alergica tintes\" width=\"522\" height=\"354\" srcset=\"https:\/\/oncoestetica.es\/blog\/wp-content\/uploads\/prueba-alergica-tintes.jpg 1845w, https:\/\/oncoestetica.es\/blog\/wp-content\/uploads\/prueba-alergica-tintes-300x203.jpg 300w, https:\/\/oncoestetica.es\/blog\/wp-content\/uploads\/prueba-alergica-tintes-768x520.jpg 768w, https:\/\/oncoestetica.es\/blog\/wp-content\/uploads\/prueba-alergica-tintes-1024x694.jpg 1024w\" sizes=\"auto, (max-width: 522px) 100vw, 522px\" \/><\/p>\n<p>Elige el tono m\u00e1s adecuado a tu cabello y piensa que en la primera coloraci\u00f3n, es posible que no te quede el tono deseado. En este caso, espera 2 o 3 semanas m\u00e1s para volver a te\u00f1ir y corregir el primer color.<\/p>\n<p>&nbsp;<\/p>\n<p><strong>Nature\u00b4s Hair Color de Apivita<\/strong> es un tinte pensado para cuidar la piel y el cabello.<\/p>\n<p>En su interior encontrar\u00e1s 1 tubo de coloraci\u00f3n, 1 bote de oxidante, 1 par de guantes y un sobre de crema suavizante fijadora del color para aplicar despu\u00e9s del champ\u00fa. Es con aclarado.<\/p>\n<p>El tiempo de exposici\u00f3n es de 30 a 35 minutos.<\/p>\n<p>Los tintes de Apivita NO CONTIENEN:<\/p>\n<p>PPD, ALCOHOL, RESORCINOL, PARABENOS, AMON\u00cdACO, Y SILICONAS.<\/p>\n<p><img loading=\"lazy\" decoding=\"async\" class=\"wp-image-5063 aligncenter\" src=\"https:\/\/oncoestetica.es\/blog\/wp-content\/uploads\/cosmetica-organica-1.jpg\" alt=\"cosm\u00e9tica org\u00e1nica\" width=\"480\" height=\"320\" srcset=\"https:\/\/oncoestetica.es\/blog\/wp-content\/uploads\/cosmetica-organica-1.jpg 540w, https:\/\/oncoestetica.es\/blog\/wp-content\/uploads\/cosmetica-organica-1-300x200.jpg 300w\" sizes=\"auto, (max-width: 480px) 100vw, 480px\" \/><\/p>\n<p>CONTIENEN: Aceite de girasol, miel, aceite de oliva, extracto de romero y aceite esencial de lavanda de cultivos org\u00e1nicos certificados.<\/p>\n<p>&nbsp;<\/p>\n<blockquote>\n<p style=\"text-align: center;\">Cuida tu cabello desde el principio y complementa el tinte con un champ\u00fa adecuado a tu cuero cabelludo.<\/p>\n<\/blockquote>\n<p>&nbsp;<\/p>\n<p>Cons\u00faltanos todas tus dudas sobre la elecci\u00f3n del color, estamos para ayudarte.<\/p>\n<p>&nbsp;<\/p>\n<p>&nbsp;<\/p>\n<p>&nbsp;<\/p>\n","protected":false},"excerpt":{"rendered":"<p>Hoy vamos a despejar dudas sobre un tema que nos consultan mucho. \u00bfCu\u00e1ndo te\u00f1irme el pelo despu\u00e9s de la quimioterapia y con qu\u00e9? Una vez terminados los ciclos de tratamiento, el cabello comienza a crecer. Durante muchos meses el pelo ha estado inactivo, por lo que al principio, podemos notar un cabello algo diferente en [&hellip;]<\/p>\n","protected":false},"author":1,"featured_media":0,"comment_status":"open","ping_status":"closed","sticky":false,"template":"","format":"standard","meta":{"_et_pb_use_builder":"","_et_pb_old_content":"","_et_gb_content_width":"","footnotes":""},"categories":[7,22,12,1245,1],"tags":[1228,359,362,1214,900,898,355,899],"class_list":["post-5153","post","type-post","status-publish","format-standard","hentry","category-consejos","category-informacion","category-productos","category-quimioterapia","category-sin-categoria","tag-apivita-tintes","tag-cosmetica-tintes","tag-pelo-tintes","tag-tinte-especial","tag-tinte-natural","tag-tintes-cabello","tag-tintes-sin-amoniaco","tag-tintes-sin-ppd"],"_links":{"self":[{"href":"https:\/\/oncoestetica.es\/blog\/index.php\/wp-json\/wp\/v2\/posts\/5153","targetHints":{"allow":["GET"]}}],"collection":[{"href":"https:\/\/oncoestetica.es\/blog\/index.php\/wp-json\/wp\/v2\/posts"}],"about":[{"href":"https:\/\/oncoestetica.es\/blog\/index.php\/wp-json\/wp\/v2\/types\/post"}],"author":[{"embeddable":true,"href":"https:\/\/oncoestetica.es\/blog\/index.php\/wp-json\/wp\/v2\/users\/1"}],"replies":[{"embeddable":true,"href":"https:\/\/oncoestetica.es\/blog\/index.php\/wp-json\/wp\/v2\/comments?post=5153"}],"version-history":[{"count":6,"href":"https:\/\/oncoestetica.es\/blog\/index.php\/wp-json\/wp\/v2\/posts\/5153\/revisions"}],"predecessor-version":[{"id":5559,"href":"https:\/\/oncoestetica.es\/blog\/index.php\/wp-json\/wp\/v2\/posts\/5153\/revisions\/5559"}],"wp:attachment":[{"href":"https:\/\/oncoestetica.es\/blog\/index.php\/wp-json\/wp\/v2\/media?parent=5153"}],"wp:term":[{"taxonomy":"category","embeddable":true,"href":"https:\/\/oncoestetica.es\/blog\/index.php\/wp-json\/wp\/v2\/categories?post=5153"},{"taxonomy":"post_tag","embeddable":true,"href":"https:\/\/oncoestetica.es\/blog\/index.php\/wp-json\/wp\/v2\/tags?post=5153"}],"curies":[{"name":"wp","href":"https:\/\/api.w.org\/{rel}","templated":true}]}}