{"id":5184,"date":"2018-07-31T13:49:00","date_gmt":"2018-07-31T11:49:00","guid":{"rendered":"https:\/\/oncoestetica.es\/blog\/?p=5184"},"modified":"2019-12-19T12:39:51","modified_gmt":"2019-12-19T11:39:51","slug":"cuidados-dentales-durante-la-quimoterapia-y-radioterapia","status":"publish","type":"post","link":"https:\/\/oncoestetica.es\/blog\/index.php\/2018\/07\/31\/cuidados-dentales-durante-la-quimoterapia-y-radioterapia\/","title":{"rendered":"CUIDADOS DENTALES DURANTE LA QUIMOTERAPIA Y RADIOTERAPIA."},"content":{"rendered":"<p>Hoy le agradecemos a la Odont\u00f3loga, <strong>Dra. Carolina Mora Ortiz<\/strong> de Cl\u00ednica dental Casablanca, con una amplia experiencia en <strong>cuidados dentales durante la quimioterapia<\/strong>, su informaci\u00f3n profesional para nuestro art\u00edculo de la semana.<\/p>\n<p>Nos ha parecido muy interesante poder hablar sobre los cuidados dentales durante el tratamiento de quimioterapia dado que es <strong>uno de los puntos que m\u00e1s sufren<\/strong> los efectos del tratamiento.<\/p>\n<p>Para mitigar estos efectos, debemos ponernos en manos expertas y seguir correctamente sus instrucciones. La prevenci\u00f3n y los <strong>cuidados espec\u00edficos que nos recomiende nuestro dentista<\/strong> van a ser clave en el estado general de la boca y los dientes.<\/p>\n<p><a href=\"https:\/\/oncoestetica.es\/categoria\/higiene-buco-dental\"><img loading=\"lazy\" decoding=\"async\" class=\"alignnone size-full wp-image-4681\" src=\"https:\/\/oncoestetica.es\/blog\/wp-content\/uploads\/recomendaciones.jpg\" alt=\"recomendaciones\" width=\"727\" height=\"484\" srcset=\"https:\/\/oncoestetica.es\/blog\/wp-content\/uploads\/recomendaciones.jpg 727w, https:\/\/oncoestetica.es\/blog\/wp-content\/uploads\/recomendaciones-300x200.jpg 300w\" sizes=\"auto, (max-width: 727px) 100vw, 727px\" \/><\/a><\/p>\n<p>Debido a la acci\u00f3n de determinados f\u00e1rmacos, la boca y los dientes pueden sufrir alteraciones que debemos tratar siguiendo las pautas nque el dentista nos recomiende.<br \/>\nPensamos que este apartado, en ocasiones, se olvida o no se le da la debida importancia.<\/p>\n<p>La quimioterapia afecta a todos lo epitelios y la cavidad bucal es uno de ellos, por lo que hay que <strong>realizar un tratamiento\/consulta preventiva para minimizar los efectos<\/strong> secundarios posibles y tratarlos en todo momento.<\/p>\n<p>Una consulta previa con el dentista, la higiene diaria, enjuagues frecuentes con productos espec\u00edficos y un control exhaustivo pueden evitar problemas mayores que en muchos casos son muy molestos.<\/p>\n<p><a href=\"https:\/\/oncoestetica.es\/categoria\/higiene-buco-dental\"><img loading=\"lazy\" decoding=\"async\" class=\"wp-image-5185 aligncenter\" src=\"https:\/\/oncoestetica.es\/blog\/wp-content\/uploads\/foto-dientes-arti\u0301culo.jpg\" alt=\"\" width=\"461\" height=\"308\" srcset=\"https:\/\/oncoestetica.es\/blog\/wp-content\/uploads\/foto-dientes-arti\u0301culo.jpg 793w, https:\/\/oncoestetica.es\/blog\/wp-content\/uploads\/foto-dientes-arti\u0301culo-300x201.jpg 300w, https:\/\/oncoestetica.es\/blog\/wp-content\/uploads\/foto-dientes-arti\u0301culo-768x513.jpg 768w\" sizes=\"auto, (max-width: 461px) 100vw, 461px\" \/><\/a><\/p>\n<p>En muchos pacientes tratados con quimioterapia, se aprecia una <strong>reducci\u00f3n del apetito<\/strong>, se <strong>alteran los sabores<\/strong>, y se producen <strong>lesiones en la boca.<\/strong><\/p>\n<p>Todo ello, puede hacer que el paciente reduzca la ingesta adecuada de alimentos y esto conlleve a una p\u00e9rdida de peso que podemos evitar siguiendo un protocolo profesional.<\/p>\n<p style=\"text-align: center;\"><strong>\u00bfCU\u00c1NDO DEBE COMENZAR EL TRATAMIENTO DENTAL?<\/strong><br \/>\nLos cuidados dentales durante los procesos oncol\u00f3gicos son muy importantes, por eso, deben comenzar <strong>con una antelaci\u00f3n m\u00ednima de 6 semanas<\/strong> si es posible.<\/p>\n<p>Durante la visita a la consulta, <strong>el profesional valorar\u00e1 el estado de la salud bucodental<\/strong> y realizar\u00e1 los tratamientos adecuados para evitar riesgos.<\/p>\n<p style=\"text-align: center;\"><strong>CONSEJOS Y PRECAUCIONES:<\/strong><\/p>\n<p style=\"text-align: center;\">En caso de p\u00e9rdida de piezas dentales acudir siempre al dentista.<\/p>\n<blockquote>\n<p style=\"text-align: center;\">Es vital explicar la medicaci\u00f3n que ha tomado, est\u00e1 tomando o tomar\u00e1 en meses e incluso a\u00f1os sucesivos.<\/p>\n<\/blockquote>\n<p style=\"text-align: left;\">Los pacientes que van a ser <strong>tratados con bifosfonatos<\/strong> tipo: FOSAMAX, FOSAVANCE, PROLIA, ZOMETA, etc. Deben <strong>comunicarlo inmediatamente<\/strong> para seguir el protocolo adecuado en estos casos.<\/p>\n<p style=\"text-align: center;\"><strong>\u00bfQU\u00c9 S\u00cdNTOMAS SON LOS QUE PUEDO NOTAR EN LA BOCA DURANTE EL TRATAMIENTO ONCOL\u00d3GICO?<\/strong><\/p>\n<p>Los mas habituales son:<br \/>\n&#8211; <strong>Inflamaci\u00f3n de la mucosa<\/strong> o \u00falceras que se pueden mitigar y tratar con tratamientos de \u00e1cido Hialur\u00f3nico y antis\u00e9pticos tipo Sativa Colu-tex, Bexident de Isdin y ONC Oral Gel, entre otros\u2026<\/p>\n<blockquote>\n<p style=\"text-align: center;\"><a href=\"https:\/\/oncoestetica.es\/radioterapia-sativa\/colutorio-sativa-cosmeclinik-quimioterapia-enjuague-bucal.html\"><img loading=\"lazy\" decoding=\"async\" class=\"alignnone size-full wp-image-1387 aligncenter\" src=\"https:\/\/oncoestetica.es\/blog\/wp-content\/uploads\/colutorio-quimioterapia.jpg\" alt=\"colutorio hidratante\" width=\"450\" height=\"450\" srcset=\"https:\/\/oncoestetica.es\/blog\/wp-content\/uploads\/colutorio-quimioterapia.jpg 450w, https:\/\/oncoestetica.es\/blog\/wp-content\/uploads\/colutorio-quimioterapia-150x150.jpg 150w, https:\/\/oncoestetica.es\/blog\/wp-content\/uploads\/colutorio-quimioterapia-300x300.jpg 300w\" sizes=\"auto, (max-width: 450px) 100vw, 450px\" \/><\/a><\/p>\n<p style=\"text-align: center;\"><strong>Advertencia durante la radioterapia<\/strong>: Cuidado con las pr\u00f3tesis met\u00e1licas ya que pueden afectar a la mucosa. Comunicar al radi\u00f3logo que es portador de pr\u00f3tesis met\u00e1lica para su valoraci\u00f3n.<\/p>\n<\/blockquote>\n<p>&#8211;<strong> Sequedad bucal<\/strong> que puede aliviarse con chicles, caramelos sin az\u00facar, y colutorios tipo Colu-tex y ONC Oral Gel.<a href=\"https:\/\/oncoestetica.es\/higiene-buco-dental\/onc-oral-gel.html\"><img loading=\"lazy\" decoding=\"async\" class=\"alignnone size-full wp-image-5187\" src=\"https:\/\/oncoestetica.es\/blog\/wp-content\/uploads\/oral-gel-hialuronico.png\" alt=\"\" width=\"777\" height=\"635\" srcset=\"https:\/\/oncoestetica.es\/blog\/wp-content\/uploads\/oral-gel-hialuronico.png 777w, https:\/\/oncoestetica.es\/blog\/wp-content\/uploads\/oral-gel-hialuronico-300x245.png 300w, https:\/\/oncoestetica.es\/blog\/wp-content\/uploads\/oral-gel-hialuronico-768x628.png 768w\" sizes=\"auto, (max-width: 777px) 100vw, 777px\" \/><\/a><\/p>\n<p>-Para tu comodidad, puedes llevar\u00a0en el bolso este nuevo formato de <strong>Colutex-Spray de 30ml<\/strong>. Es muy f\u00e1cil de transportar y puedes aplicar el spray directamente en la lesi\u00f3n con <strong>alivio inmediato.<\/strong><\/p>\n<p><a href=\"https:\/\/oncoestetica.es\/higiene-buco-dental\/sativa-colu-tex-spray-bucal.html\"><img loading=\"lazy\" decoding=\"async\" class=\"size-full wp-image-5191 aligncenter\" src=\"https:\/\/oncoestetica.es\/blog\/wp-content\/uploads\/sativa-colu-tex-spray-bucal.jpg\" alt=\"\" width=\"440\" height=\"422\" srcset=\"https:\/\/oncoestetica.es\/blog\/wp-content\/uploads\/sativa-colu-tex-spray-bucal.jpg 440w, https:\/\/oncoestetica.es\/blog\/wp-content\/uploads\/sativa-colu-tex-spray-bucal-300x288.jpg 300w\" sizes=\"auto, (max-width: 440px) 100vw, 440px\" \/><\/a><\/p>\n<p>&#8211; Aumento del <strong>sangrado de las enc\u00edas<\/strong>: realizar <strong>enjuagues con Clorexidina<\/strong> u otros antis\u00e9pticos y <strong>buena higiene con el cepillado.<\/strong><br \/>\n&#8211; En ocasiones, necrosis del hueso: el hueso se expone, es importante acudir a su odont\u00f3logo cuanto antes o al servicio de maxilofacial.<\/p>\n<blockquote>\n<p style=\"text-align: center;\">\u00bfQu\u00e9 debo hacer si tengo alguna duda y\/o problema dental?.<\/p>\n<p style=\"text-align: center;\"><img loading=\"lazy\" decoding=\"async\" class=\"alignnone wp-image-952\" src=\"https:\/\/oncoestetica.es\/blog\/wp-content\/uploads\/estetica-oncologica2.jpg\" alt=\"\" width=\"231\" height=\"173\" srcset=\"https:\/\/oncoestetica.es\/blog\/wp-content\/uploads\/estetica-oncologica2.jpg 370w, https:\/\/oncoestetica.es\/blog\/wp-content\/uploads\/estetica-oncologica2-300x225.jpg 300w\" sizes=\"auto, (max-width: 231px) 100vw, 231px\" \/><img loading=\"lazy\" decoding=\"async\" class=\"alignnone wp-image-1449\" src=\"https:\/\/oncoestetica.es\/blog\/wp-content\/uploads\/psicooncologia.png\" alt=\"psicooncologia\" width=\"181\" height=\"172\" \/><\/p>\n<\/blockquote>\n<p>-Preguntar siempre a su dentista, que le aconsejara\u0301 en todo momento, y<br \/>\nsi fuera necesario realizar\u00eda una interconsulta con el onc\u00f3logo.<br \/>\n&#8211; El c\u00e1ncer de mama puede llegar a metastizar en los huesos, los maxilares son unos de ellos.<br \/>\nSu doctor realizara\u0301 una ortopantomografi\u0301a (Rx)<br \/>\npara valorarlo.<\/p>\n<p><img loading=\"lazy\" decoding=\"async\" class=\"wp-image-5186 aligncenter\" src=\"https:\/\/oncoestetica.es\/blog\/wp-content\/uploads\/foto-dental-quimio.jpg\" alt=\"\" width=\"515\" height=\"540\" srcset=\"https:\/\/oncoestetica.es\/blog\/wp-content\/uploads\/foto-dental-quimio.jpg 746w, https:\/\/oncoestetica.es\/blog\/wp-content\/uploads\/foto-dental-quimio-286x300.jpg 286w\" sizes=\"auto, (max-width: 515px) 100vw, 515px\" \/><\/p>\n<h4 style=\"text-align: center;\"><span style=\"color: #0000ff;\"><strong>PREGUNTAS FRECUENTES<\/strong><\/span><\/h4>\n<p style=\"text-align: left;\"><strong><span style=\"color: #157d23;\">\u00bfPuedo cepillarme los dientes de la forma habitual?<\/span><\/strong><br \/>\nSi, pero se recomienda con un cepillo suave.<\/p>\n<p><strong><span style=\"color: #157d23;\">\u00bfPuedo usar seda dental?<\/span><\/strong><br \/>\nSi, en la consulta previa al dentista se le adiestrar\u00e1 en la t\u00e9cnica adecuada.<\/p>\n<p><strong><span style=\"color: #157d23;\">\u00bfPuedo continuar con mi ortodoncia?<\/span><\/strong><br \/>\nHay que valorarlo seg\u00fan el caso.<\/p>\n<p><strong><span style=\"color: #157d23;\">\u00bfLa quimioterapia puede afectar a mis implantes dentales?<\/span><\/strong><br \/>\nS\u00ed, hay que controlarlos durante el proceso.<\/p>\n<p><strong><span style=\"color: #157d23;\">\u00bfQu\u00e9 hago si tengo caries?<\/span><\/strong><br \/>\nAcudir al dentista y si el caso lo permite, tratarlas.<\/p>\n<p><strong><span style=\"color: #157d23;\">\u00bfPuedo hacerme una limpieza de boca?<\/span><\/strong><br \/>\nSi, dependiendo del estad\u00edo de la enfermedad. Se solicitar\u00e1 una interconsulta al onc\u00f3logo.<\/p>\n<p style=\"text-align: center;\"><strong>MUCHAS GRACIAS A LA DRA. CAROLINA MORA DE CLINICA DENTAL CASABLANCA\u00a0<\/strong><\/p>\n<p style=\"text-align: center;\"><strong>POR SU VALIOSA INFORMACI\u00d3N<\/strong><\/p>\n<p style=\"text-align: center;\"><img loading=\"lazy\" decoding=\"async\" class=\"alignnone size-full wp-image-5538\" src=\"https:\/\/oncoestetica.es\/blog\/wp-content\/uploads\/foto-clinica-casablanca-blog.jpg\" alt=\"\" width=\"905\" height=\"461\" srcset=\"https:\/\/oncoestetica.es\/blog\/wp-content\/uploads\/foto-clinica-casablanca-blog.jpg 905w, https:\/\/oncoestetica.es\/blog\/wp-content\/uploads\/foto-clinica-casablanca-blog-300x153.jpg 300w, https:\/\/oncoestetica.es\/blog\/wp-content\/uploads\/foto-clinica-casablanca-blog-768x391.jpg 768w\" sizes=\"auto, (max-width: 905px) 100vw, 905px\" \/><\/p>\n","protected":false},"excerpt":{"rendered":"<p>Hoy le agradecemos a la Odont\u00f3loga, Dra. Carolina Mora Ortiz de Cl\u00ednica dental Casablanca, con una amplia experiencia en cuidados dentales durante la quimioterapia, su informaci\u00f3n profesional para nuestro art\u00edculo de la semana. Nos ha parecido muy interesante poder hablar sobre los cuidados dentales durante el tratamiento de quimioterapia dado que es uno de los [&hellip;]<\/p>\n","protected":false},"author":1,"featured_media":0,"comment_status":"open","ping_status":"closed","sticky":false,"template":"","format":"standard","meta":{"_et_pb_use_builder":"","_et_pb_old_content":"","_et_gb_content_width":"","footnotes":""},"categories":[1258,7,1298,22],"tags":[1303,1301,1305,1299,1300,1302,1304,1047,1050,1272,465],"class_list":["post-5184","post","type-post","status-publish","format-standard","hentry","category-afrontar-un-cancer","category-consejos","category-cuidado-dental","category-informacion","tag-aftas","tag-boca","tag-consejos-boca","tag-cuidado-dental","tag-dientes","tag-encias","tag-llagas","tag-mucositis-oral","tag-mucositis-por-quimioterapia","tag-sequedad","tag-sequedad-bucal"],"_links":{"self":[{"href":"https:\/\/oncoestetica.es\/blog\/index.php\/wp-json\/wp\/v2\/posts\/5184","targetHints":{"allow":["GET"]}}],"collection":[{"href":"https:\/\/oncoestetica.es\/blog\/index.php\/wp-json\/wp\/v2\/posts"}],"about":[{"href":"https:\/\/oncoestetica.es\/blog\/index.php\/wp-json\/wp\/v2\/types\/post"}],"author":[{"embeddable":true,"href":"https:\/\/oncoestetica.es\/blog\/index.php\/wp-json\/wp\/v2\/users\/1"}],"replies":[{"embeddable":true,"href":"https:\/\/oncoestetica.es\/blog\/index.php\/wp-json\/wp\/v2\/comments?post=5184"}],"version-history":[{"count":6,"href":"https:\/\/oncoestetica.es\/blog\/index.php\/wp-json\/wp\/v2\/posts\/5184\/revisions"}],"predecessor-version":[{"id":5541,"href":"https:\/\/oncoestetica.es\/blog\/index.php\/wp-json\/wp\/v2\/posts\/5184\/revisions\/5541"}],"wp:attachment":[{"href":"https:\/\/oncoestetica.es\/blog\/index.php\/wp-json\/wp\/v2\/media?parent=5184"}],"wp:term":[{"taxonomy":"category","embeddable":true,"href":"https:\/\/oncoestetica.es\/blog\/index.php\/wp-json\/wp\/v2\/categories?post=5184"},{"taxonomy":"post_tag","embeddable":true,"href":"https:\/\/oncoestetica.es\/blog\/index.php\/wp-json\/wp\/v2\/tags?post=5184"}],"curies":[{"name":"wp","href":"https:\/\/api.w.org\/{rel}","templated":true}]}}