{"id":5195,"date":"2018-08-15T21:51:14","date_gmt":"2018-08-15T19:51:14","guid":{"rendered":"https:\/\/oncoestetica.es\/blog\/?p=5195"},"modified":"2018-08-15T21:54:29","modified_gmt":"2018-08-15T19:54:29","slug":"como-colocar-bien-la-peluca-oncologica-o-para-alopecia","status":"publish","type":"post","link":"https:\/\/oncoestetica.es\/blog\/index.php\/2018\/08\/15\/como-colocar-bien-la-peluca-oncologica-o-para-alopecia\/","title":{"rendered":"COMO COLOCAR BIEN LA PELUCA ONCOL\u00d3GICA O PARA ALOPECIA"},"content":{"rendered":"<p>Parece un tema sencillo y lo es, pero siguiendo unas recomendaciones y referencias la colocaci\u00f3n aprender\u00e1s unos truquitos que te ayudar\u00e1n&#8230;<\/p>\n<p><a href=\"https:\/\/oncoestetica.es\/categoria\/pelucas-raquel-welch-alopecia-quimioterapia\"><img loading=\"lazy\" decoding=\"async\" class=\"alignnone size-full wp-image-1343 aligncenter\" src=\"https:\/\/oncoestetica.es\/blog\/wp-content\/uploads\/peluca-argentina.jpg\" alt=\"peluca argentina\" width=\"450\" height=\"450\" srcset=\"https:\/\/oncoestetica.es\/blog\/wp-content\/uploads\/peluca-argentina.jpg 450w, https:\/\/oncoestetica.es\/blog\/wp-content\/uploads\/peluca-argentina-150x150.jpg 150w, https:\/\/oncoestetica.es\/blog\/wp-content\/uploads\/peluca-argentina-300x300.jpg 300w\" sizes=\"auto, (max-width: 450px) 100vw, 450px\" \/><\/a><\/p>\n<p>Las pelucas para p\u00e9rdida de cabello o alopecia, en general son muy parecidas por lo que seguro encontrar\u00e1s \u00fatiles estos consejos de colocaci\u00f3n.<\/p>\n<p>Hoy vamos a explicar primero como se deben colocar las pelucas que llevan gomas el\u00e1sticas.<\/p>\n<p>Casi todas son adaptables a cualquier medida, pero puedes ajustarla a tu cabeza mejor si sigues unas pautas.<\/p>\n<p>&nbsp;<\/p>\n<p>Lo primero <strong>observa la peluca por dentro<\/strong>, tiene una <strong>zona frontal<\/strong>, donde suele haber una zona fina con tul, si lleva LACE FRONT, que es la zona donde se imita el nacimiento del pelo. Si no lleva tul, la zona frontal es mas redondeada que la nuca y suele ser m\u00e1s fina.<\/p>\n<p><a href=\"https:\/\/oncoestetica.es\/categoria\/pelucas-raquel-welch-alopecia-quimioterapia\"><img loading=\"lazy\" decoding=\"async\" class=\"alignnone size-full wp-image-1373 aligncenter\" src=\"https:\/\/oncoestetica.es\/blog\/wp-content\/uploads\/lace-front.jpg\" alt=\"lace front ellen wille\" width=\"450\" height=\"450\" srcset=\"https:\/\/oncoestetica.es\/blog\/wp-content\/uploads\/lace-front.jpg 450w, https:\/\/oncoestetica.es\/blog\/wp-content\/uploads\/lace-front-150x150.jpg 150w, https:\/\/oncoestetica.es\/blog\/wp-content\/uploads\/lace-front-300x300.jpg 300w\" sizes=\"auto, (max-width: 450px) 100vw, 450px\" \/><\/a><\/p>\n<p>A los lados ver\u00e1s como dos esquinas en forma triangular, estas son las <strong>patillas<\/strong>.<\/p>\n<p>Si te fijas bien y lo intentas doblar, se adaptan a la forma que les des porque tienen en su interior unas tiras r\u00edgidas que se pueden moldear para que queden siempre rectas y no se giren hacia fuera.<\/p>\n<p>&nbsp;<\/p>\n<p>El objetivo de las patillas es que la peluca no quede separada de la piel, por eso col\u00f3calas rectas pero ligeramente hacia adentro.<\/p>\n<p>&nbsp;<\/p>\n<p>Llegamos a la <strong>zona de la nuca<\/strong>. Esta zona es muy importante porque nos servir\u00e1 para ajustar el contorno a tu medida.<\/p>\n<p>Generalmente llevan dos gomas que, juntando sus extremos puedes hacer la peluca m\u00e1s o menos grande y <strong>ajustarla a tu comodidad.<\/strong><\/p>\n<p>&nbsp;<\/p>\n<p>Una vez visto esto la forma de colocaci\u00f3n es muy sencilla.<\/p>\n<blockquote>\n<p style=\"text-align: center;\"><strong>Es aconsejable colocarla de adelante hacia atr\u00e1s.<\/strong><\/p>\n<\/blockquote>\n<p>&nbsp;<\/p>\n<p>Anoto video de colocaci\u00f3n:<\/p>\n<p>&nbsp;<\/p>\n<p>Primero, cogiendo la peluca de la zona de la nuca, apoyar el frontal a mitad de la frente y colocar hacia atr\u00e1s.<\/p>\n<p>&nbsp;<\/p>\n<p>Antes de tirar de la peluca por la parte de atr\u00e1s, coger del flequillo, no del tul frontal, sino del propio pelo y situarla en el nacimiento.<\/p>\n<p>Una vez colocado el frontal <strong>cogemos de las patillas dej\u00e1ndola las dos a la misma altura.<\/strong><\/p>\n<p>Despu\u00e9s de esto estiramos suavemente de la nuca para que baje del todo.<\/p>\n<p>&nbsp;<\/p>\n<p><iframe loading=\"lazy\" title=\"Como colocar mi Peluca, Est\u00e9tica Oncol\u00f3gica.\" width=\"1080\" height=\"608\" src=\"https:\/\/www.youtube.com\/embed\/k83AA3HMoS8?feature=oembed\"  allow=\"accelerometer; autoplay; clipboard-write; encrypted-media; gyroscope; picture-in-picture; web-share\" allowfullscreen><\/iframe><\/p>\n<p>&nbsp;<\/p>\n<p>&nbsp;<\/p>\n<p>Para <strong>evitar roces y molestias<\/strong> puedes hacer uso del <strong>gorrito protector de pelucas.<\/strong><\/p>\n<p>Es muy \u00fatil siempre, invierno y verano.<\/p>\n<p>En invierno te protege del frio y en verano evitar\u00e1 que sudes m\u00e1s y podr\u00e1s lavarlo cada d\u00eda para tener una mejor higiene con la peluca.<\/p>\n<p><img loading=\"lazy\" decoding=\"async\" class=\"alignnone size-full wp-image-4506 aligncenter\" src=\"https:\/\/oncoestetica.es\/blog\/wp-content\/uploads\/gorro-bajo-peluca-1.jpg\" alt=\"gorro bajo peluca\" width=\"440\" height=\"422\" srcset=\"https:\/\/oncoestetica.es\/blog\/wp-content\/uploads\/gorro-bajo-peluca-1.jpg 440w, https:\/\/oncoestetica.es\/blog\/wp-content\/uploads\/gorro-bajo-peluca-1-300x288.jpg 300w\" sizes=\"auto, (max-width: 440px) 100vw, 440px\" \/><\/p>\n<p>&nbsp;<\/p>\n<p>Debes evitar lavar mucho la peluca para que no se estropee la fibra y belleza del principio.<\/p>\n<p>&nbsp;<\/p>\n<p>Cuando la laves utiliza el champ\u00fa y b\u00e1lsamo recomendado por el fabricante.<\/p>\n<p>Si es de fibra a de ser adecuado para el pelo sint\u00e9tico.<\/p>\n<p><a href=\"https:\/\/oncoestetica.es\/complementos-y-cuidado-para-pelucas\/champu-peluca-ellen-wille-fibra.html\"><img loading=\"lazy\" decoding=\"async\" class=\"alignnone wp-image-5196 aligncenter\" src=\"https:\/\/oncoestetica.es\/blog\/wp-content\/uploads\/Captura-de-pantalla-2018-08-15-a-las-21.40.09.png\" alt=\"\" width=\"413\" height=\"433\" srcset=\"https:\/\/oncoestetica.es\/blog\/wp-content\/uploads\/Captura-de-pantalla-2018-08-15-a-las-21.40.09.png 551w, https:\/\/oncoestetica.es\/blog\/wp-content\/uploads\/Captura-de-pantalla-2018-08-15-a-las-21.40.09-286x300.png 286w\" sizes=\"auto, (max-width: 413px) 100vw, 413px\" \/><\/a><\/p>\n<p>&nbsp;<\/p>\n<blockquote><p><strong>Ll\u00e9vala siempre no demasiado peinada, adecuando tu estilo con los dedos para no darle un aspecto artificial.<\/strong><\/p><\/blockquote>\n<p><a href=\"https:\/\/oncoestetica.es\/categoria\/estilos-cortos\"><img loading=\"lazy\" decoding=\"async\" class=\"size-full wp-image-4174 aligncenter\" src=\"https:\/\/oncoestetica.es\/blog\/wp-content\/uploads\/peluca-alopecia.jpg\" alt=\"peluca alopecia\" width=\"450\" height=\"450\" srcset=\"https:\/\/oncoestetica.es\/blog\/wp-content\/uploads\/peluca-alopecia.jpg 450w, https:\/\/oncoestetica.es\/blog\/wp-content\/uploads\/peluca-alopecia-150x150.jpg 150w, https:\/\/oncoestetica.es\/blog\/wp-content\/uploads\/peluca-alopecia-300x300.jpg 300w\" sizes=\"auto, (max-width: 450px) 100vw, 450px\" \/><\/a><\/p>\n<p>Pregunta cualquier duda que te pueda surgir<\/p>\n<p>&nbsp;<\/p>\n<p>\u00a1Estamos para ayudarte!<\/p>\n<p><img loading=\"lazy\" decoding=\"async\" class=\"alignnone size-full wp-image-4335\" src=\"https:\/\/oncoestetica.es\/blog\/wp-content\/uploads\/estetica-oncologica-2.jpg\" alt=\"estetica oncologica\" width=\"950\" height=\"674\" srcset=\"https:\/\/oncoestetica.es\/blog\/wp-content\/uploads\/estetica-oncologica-2.jpg 950w, https:\/\/oncoestetica.es\/blog\/wp-content\/uploads\/estetica-oncologica-2-300x213.jpg 300w, https:\/\/oncoestetica.es\/blog\/wp-content\/uploads\/estetica-oncologica-2-768x545.jpg 768w\" sizes=\"auto, (max-width: 950px) 100vw, 950px\" \/><\/p>\n","protected":false},"excerpt":{"rendered":"<p>Parece un tema sencillo y lo es, pero siguiendo unas recomendaciones y referencias la colocaci\u00f3n aprender\u00e1s unos truquitos que te ayudar\u00e1n&#8230; Las pelucas para p\u00e9rdida de cabello o alopecia, en general son muy parecidas por lo que seguro encontrar\u00e1s \u00fatiles estos consejos de colocaci\u00f3n. Hoy vamos a explicar primero como se deben colocar las pelucas [&hellip;]<\/p>\n","protected":false},"author":1,"featured_media":0,"comment_status":"open","ping_status":"closed","sticky":false,"template":"","format":"standard","meta":{"_et_pb_use_builder":"","_et_pb_old_content":"","_et_gb_content_width":"","footnotes":""},"categories":[1006,7,22,1117,1245],"tags":[68,1044,1043,1041,1168,183,132,188,1037,937,1027],"class_list":["post-5195","post","type-post","status-publish","format-standard","hentry","category-alopecia-caida-del-cabello","category-consejos","category-informacion","category-pelucas-oncologicas-y-alopecia","category-quimioterapia","tag-alopecia","tag-alopecia-pelucas","tag-cancer-pelucas","tag-eleccion-de-la-peluca","tag-frio-pelucas","tag-mantenimiento-pelucas","tag-peluca","tag-pelucas-microfibra","tag-pelucas-oncologicas","tag-pelucas-quimioterapia","tag-pelucas-raquel-welch"],"_links":{"self":[{"href":"https:\/\/oncoestetica.es\/blog\/index.php\/wp-json\/wp\/v2\/posts\/5195","targetHints":{"allow":["GET"]}}],"collection":[{"href":"https:\/\/oncoestetica.es\/blog\/index.php\/wp-json\/wp\/v2\/posts"}],"about":[{"href":"https:\/\/oncoestetica.es\/blog\/index.php\/wp-json\/wp\/v2\/types\/post"}],"author":[{"embeddable":true,"href":"https:\/\/oncoestetica.es\/blog\/index.php\/wp-json\/wp\/v2\/users\/1"}],"replies":[{"embeddable":true,"href":"https:\/\/oncoestetica.es\/blog\/index.php\/wp-json\/wp\/v2\/comments?post=5195"}],"version-history":[{"count":3,"href":"https:\/\/oncoestetica.es\/blog\/index.php\/wp-json\/wp\/v2\/posts\/5195\/revisions"}],"predecessor-version":[{"id":5199,"href":"https:\/\/oncoestetica.es\/blog\/index.php\/wp-json\/wp\/v2\/posts\/5195\/revisions\/5199"}],"wp:attachment":[{"href":"https:\/\/oncoestetica.es\/blog\/index.php\/wp-json\/wp\/v2\/media?parent=5195"}],"wp:term":[{"taxonomy":"category","embeddable":true,"href":"https:\/\/oncoestetica.es\/blog\/index.php\/wp-json\/wp\/v2\/categories?post=5195"},{"taxonomy":"post_tag","embeddable":true,"href":"https:\/\/oncoestetica.es\/blog\/index.php\/wp-json\/wp\/v2\/tags?post=5195"}],"curies":[{"name":"wp","href":"https:\/\/api.w.org\/{rel}","templated":true}]}}