{"id":528,"date":"2012-11-16T18:39:00","date_gmt":"2012-11-16T18:39:00","guid":{"rendered":"https:\/\/oncoestetica.es\/blog\/?p=528"},"modified":"2018-01-11T14:24:05","modified_gmt":"2018-01-11T13:24:05","slug":"especializados-en-estetica-oncologica-en-zaragoza","status":"publish","type":"post","link":"https:\/\/oncoestetica.es\/blog\/index.php\/2012\/11\/16\/especializados-en-estetica-oncologica-en-zaragoza\/","title":{"rendered":"Especializados en Est\u00e9tica Oncol\u00f3gica en Zaragoza"},"content":{"rendered":"<p style=\"text-align: justify;\"><a href=\"https:\/\/oncoestetica.es\/blog\/index.php\/2012\/11\/16\/especializados-en-estetica-oncologica-en-zaragoza\/blog-onco\/\" rel=\"attachment wp-att-530\"><img loading=\"lazy\" decoding=\"async\" class=\"aligncenter size-medium wp-image-530\" title=\"estetica oncologica\" src=\"https:\/\/oncoestetica.es\/blog\/wp-content\/uploads\/blog-onco-300x221.png\" alt=\"estetica oncologica\" width=\"300\" height=\"221\" srcset=\"https:\/\/oncoestetica.es\/blog\/wp-content\/uploads\/blog-onco-300x221.png 300w, https:\/\/oncoestetica.es\/blog\/wp-content\/uploads\/blog-onco.png 305w\" sizes=\"auto, (max-width: 300px) 100vw, 300px\" \/><\/a><\/p>\n<p style=\"text-align: justify;\">Nuestro cat\u00e1logo de art\u00edculos est\u00e1 orientado a la <strong>Est\u00e9tica Oncol\u00f3gica<\/strong>, para las personas que han pasado o se encuentran en procesos de Quimioterapia, Radioterapia y\/o Alopecia.<\/p>\n<p style=\"text-align: justify;\">La creaci\u00f3n de <strong>Oncoest\u00e9tica<\/strong> surgi\u00f3 de <strong>Cedicap <\/strong>(<strong>Centro de Diagn\u00f3stico Capilar en Zaragoza<\/strong>). Tras m\u00e1s de 15 a\u00f1os tratando a nuestros pacientes y viendo que muchas veces se encontraban con obst\u00e1culos en tallajes, materiales, telas, composici\u00f3n qu\u00edmica, etc\u2026Se decidi\u00f3 crear una secci\u00f3n Online de productos especializados para el <strong>paciente oncol\u00f3gico<\/strong> ya qu\u00e9 nosotros, por nuestra experiencia, sabemos qu\u00e9 es lo que necesita una persona que est\u00e1 pasando por dicho problema.<\/p>\n<p style=\"text-align: justify;\">El problema fundamental es que cada d\u00eda hay m\u00e1s casos de <strong>Alopecia<\/strong> y sorprendentemente de todo tipo de edades y por ello hay una gran necesidad en conseguir productos de buena calidad.<\/p>\n<p style=\"text-align: justify;\">El aumento de profesionales que cada d\u00eda contacta con nosotros va en aumento porque se est\u00e1n encontrando en sus centros de est\u00e9tica, peluquer\u00edas, etc\u2026 Con personas a las que el estress, una depresi\u00f3n o enfermedad, les est\u00e1 provocando <strong>perdida del cabello<\/strong> y\/o <strong>problemas en la piel<\/strong>.<\/p>\n<p style=\"text-align: justify;\">Por todo ello nuestro cat\u00e1logo es limitado, limitado a productos que verdaderamente sabemos que funcionan y que cumplen los requisitos\u00a0 que necesita nuestro paciente. Cuando decidimos incoorporar un producto al cat\u00e1logo siempre es, primero porque sabemos que es bueno, y segundo porque nuestros pacientes del <strong>centro Capilar en Zaragoza<\/strong> han quedado satisfechos con los resultados.<\/p>\n","protected":false},"excerpt":{"rendered":"<p>Nuestro cat\u00e1logo de art\u00edculos est\u00e1 orientado a la Est\u00e9tica Oncol\u00f3gica, para las personas que han pasado o se encuentran en procesos de Quimioterapia, Radioterapia y\/o Alopecia. La creaci\u00f3n de Oncoest\u00e9tica surgi\u00f3 de Cedicap (Centro de Diagn\u00f3stico Capilar en Zaragoza). Tras m\u00e1s de 15 a\u00f1os tratando a nuestros pacientes y viendo que muchas veces se encontraban [&hellip;]<\/p>\n","protected":false},"author":1,"featured_media":0,"comment_status":"open","ping_status":"closed","sticky":false,"template":"","format":"standard","meta":{"_et_pb_use_builder":"","_et_pb_old_content":"","_et_gb_content_width":"","footnotes":""},"categories":[7,22],"tags":[68,316,572,297,620,88,621,224,414,150,160,24,623,188,176,69,177,622,619,577,228],"class_list":["post-528","post","type-post","status-publish","format-standard","hentry","category-consejos","category-informacion","tag-alopecia","tag-alopecia-cejas","tag-alopecia-pestanas","tag-centro-capilar","tag-centro-capilar-en-zaragoza","tag-diagnostico-capilar","tag-diagnostico-en-zaragoza","tag-estetica-oncologica","tag-gorros-quimioterapia","tag-oncoestetica","tag-paciente-oncologico","tag-panuelos-quimio","tag-pelucas-cancer","tag-pelucas-microfibra","tag-pelucas-naturales","tag-perdida-del-cabello","tag-postizos","tag-problemas-de-alopecia","tag-problemas-de-la-piel","tag-protesis-cejas","tag-protesis-pestanas"],"_links":{"self":[{"href":"https:\/\/oncoestetica.es\/blog\/index.php\/wp-json\/wp\/v2\/posts\/528","targetHints":{"allow":["GET"]}}],"collection":[{"href":"https:\/\/oncoestetica.es\/blog\/index.php\/wp-json\/wp\/v2\/posts"}],"about":[{"href":"https:\/\/oncoestetica.es\/blog\/index.php\/wp-json\/wp\/v2\/types\/post"}],"author":[{"embeddable":true,"href":"https:\/\/oncoestetica.es\/blog\/index.php\/wp-json\/wp\/v2\/users\/1"}],"replies":[{"embeddable":true,"href":"https:\/\/oncoestetica.es\/blog\/index.php\/wp-json\/wp\/v2\/comments?post=528"}],"version-history":[{"count":17,"href":"https:\/\/oncoestetica.es\/blog\/index.php\/wp-json\/wp\/v2\/posts\/528\/revisions"}],"predecessor-version":[{"id":5000,"href":"https:\/\/oncoestetica.es\/blog\/index.php\/wp-json\/wp\/v2\/posts\/528\/revisions\/5000"}],"wp:attachment":[{"href":"https:\/\/oncoestetica.es\/blog\/index.php\/wp-json\/wp\/v2\/media?parent=528"}],"wp:term":[{"taxonomy":"category","embeddable":true,"href":"https:\/\/oncoestetica.es\/blog\/index.php\/wp-json\/wp\/v2\/categories?post=528"},{"taxonomy":"post_tag","embeddable":true,"href":"https:\/\/oncoestetica.es\/blog\/index.php\/wp-json\/wp\/v2\/tags?post=528"}],"curies":[{"name":"wp","href":"https:\/\/api.w.org\/{rel}","templated":true}]}}