{"id":5605,"date":"2020-01-22T14:11:41","date_gmt":"2020-01-22T13:11:41","guid":{"rendered":"https:\/\/oncoestetica.es\/blog\/?p=5605"},"modified":"2023-05-19T10:14:45","modified_gmt":"2023-05-19T08:14:45","slug":"que-regalar-a-un-paciente-de-cancer","status":"publish","type":"post","link":"https:\/\/oncoestetica.es\/blog\/index.php\/2020\/01\/22\/que-regalar-a-un-paciente-de-cancer\/","title":{"rendered":"\u00bfQU\u00c9 REGALAR A UN PACIENTE DE C\u00c1NCER?"},"content":{"rendered":"<p>A menudo nos llaman para consultar que puede ser interesante regalar a un paciente de c\u00e1ncer.<\/p>\n<p><img loading=\"lazy\" decoding=\"async\" class=\"wp-image-1515 aligncenter\" src=\"https:\/\/oncoestetica.es\/blog\/wp-content\/uploads\/pacientes-cancer.jpg\" alt=\"\" width=\"419\" height=\"280\" \/><\/p>\n<p>A la hora de hacer un regalo de este tipo podemos decantarnos por muchos art\u00edculos que vienen muy bien.<\/p>\n<p>&nbsp;<\/p>\n<p style=\"text-align: center;\"><a href=\"https:\/\/oncoestetica.es\/categoria\/cosmetica-natural\"><strong>COSM\u00c9TICA DURANTE LA QUIMIOTERAPIA<\/strong><\/a><\/p>\n<p>&nbsp;<\/p>\n<p>Un acierto seguro es siempre la <strong>cosm\u00e9tica oncol\u00f3gica<\/strong>, el cuidado de la piel durante el c\u00e1ncer es sin duda indispensable.<\/p>\n<blockquote>\n<p style=\"text-align: center;\">Los tratamientos como la quimioterapia o la radioterapia pueden producir efectos secundarios muy molestos en la piel.<\/p>\n<\/blockquote>\n<p>&nbsp;<\/p>\n<p>Estos efectos suelen ser tirantez, sequedad, irritaci\u00f3n, enrojecimiento\u2026pr\u00e9stales la atenci\u00f3n que merecen y evita que empeoren.<\/p>\n<p><img loading=\"lazy\" decoding=\"async\" class=\"alignnone size-full wp-image-4929\" src=\"https:\/\/oncoestetica.es\/blog\/wp-content\/uploads\/piel-sensible.jpg\" alt=\"piel sensible\" width=\"2122\" height=\"1415\" srcset=\"https:\/\/oncoestetica.es\/blog\/wp-content\/uploads\/piel-sensible.jpg 2122w, https:\/\/oncoestetica.es\/blog\/wp-content\/uploads\/piel-sensible-300x200.jpg 300w, https:\/\/oncoestetica.es\/blog\/wp-content\/uploads\/piel-sensible-768x512.jpg 768w, https:\/\/oncoestetica.es\/blog\/wp-content\/uploads\/piel-sensible-1024x683.jpg 1024w\" sizes=\"auto, (max-width: 2122px) 100vw, 2122px\" \/><\/p>\n<p>Por ello, cosm\u00e9tica oncol\u00f3gica como SATIVA de COSMECLINIK u ONC DERMOLOGY son los productos m\u00e1s adecuados por su composici\u00f3n suave y tratante.<\/p>\n<p>Esta cosm\u00e9tica sirve como tratamiento preventivo de los efectos citados, y los pacientes que la usan notan un gran alivio al aplicarla, por lo que les agrada much\u00edsimo cuando obtienen ese confort en la piel.<\/p>\n<p><a href=\"https:\/\/oncoestetica.es\/outlet\/pack-facial-oncoestetica.html\"><img loading=\"lazy\" decoding=\"async\" class=\"alignnone size-full wp-image-5606\" src=\"https:\/\/oncoestetica.es\/blog\/wp-content\/uploads\/pack-facial-quimioterapia.jpg\" alt=\"\" width=\"800\" height=\"800\" srcset=\"https:\/\/oncoestetica.es\/blog\/wp-content\/uploads\/pack-facial-quimioterapia.jpg 800w, https:\/\/oncoestetica.es\/blog\/wp-content\/uploads\/pack-facial-quimioterapia-150x150.jpg 150w, https:\/\/oncoestetica.es\/blog\/wp-content\/uploads\/pack-facial-quimioterapia-300x300.jpg 300w, https:\/\/oncoestetica.es\/blog\/wp-content\/uploads\/pack-facial-quimioterapia-768x768.jpg 768w\" sizes=\"auto, (max-width: 800px) 100vw, 800px\" \/><\/a><\/p>\n<p>Esta cosm\u00e9tica espec\u00edfica durante el c\u00e1ncer, sirve tambi\u00e9n para piel sensible y se puede aplicar durante el tratamiento y en los meses posteriores a la finalizaci\u00f3n de la quimioterapia.<\/p>\n<p>&nbsp;<\/p>\n<p>\u00bfQu\u00e9 tienen de especial?<\/p>\n<p>Es cosm\u00e9tica que reduce y elimina las sustancias qu\u00edmicas irritantes de la cosm\u00e9tica convencional.<\/p>\n<p><a href=\"https:\/\/oncoestetica.es\/hidratacion-facial\/pack-helan-viso-4.html\"><img loading=\"lazy\" decoding=\"async\" class=\"alignnone size-full wp-image-5607\" src=\"https:\/\/oncoestetica.es\/blog\/wp-content\/uploads\/Captura-de-pantalla-2020-01-22-a-las-13.01.12.png\" alt=\"\" width=\"654\" height=\"664\" srcset=\"https:\/\/oncoestetica.es\/blog\/wp-content\/uploads\/Captura-de-pantalla-2020-01-22-a-las-13.01.12.png 654w, https:\/\/oncoestetica.es\/blog\/wp-content\/uploads\/Captura-de-pantalla-2020-01-22-a-las-13.01.12-295x300.png 295w\" sizes=\"auto, (max-width: 654px) 100vw, 654px\" \/><\/a><\/p>\n<p>RECUERDA LOS 3 PILARES FUNDAMENTALES PARA EL CUIDADO DE LA PIEL ONCOL\u00d3GICA O SENSIBLE.<\/p>\n<p>&nbsp;<\/p>\n<blockquote>\n<p style=\"text-align: center;\"><strong>HIGIENE \u2013 HIDRATACI\u00d3N Y PROTECCI\u00d3N.<\/strong><\/p>\n<\/blockquote>\n<p>&nbsp;<\/p>\n<p>De hecho much\u00edsimos pacientes lo siguen usando de manera definitiva por su capacidad de hidrataci\u00f3n.<\/p>\n<p style=\"text-align: center;\"><a href=\"https:\/\/oncoestetica.es\/categoria\/gorros-y-panuelos\"><strong>\u00a0<\/strong><\/a><\/p>\n<p style=\"text-align: center;\"><a href=\"https:\/\/oncoestetica.es\/categoria\/gorros-y-panuelos\"><strong>PA\u00d1UELOS Y TURBANTES ONCOL\u00d3GICOS<\/strong><\/a><\/p>\n<p>&nbsp;<\/p>\n<p>Otro regalo muy interesante y que seguro tendr\u00e1 buena aceptaci\u00f3n es el pack de gorros b\u00e1sicos.<\/p>\n<blockquote>\n<p style=\"text-align: center;\"><strong>Tenemos la opci\u00f3n de invierno y verano, ya que los tejidos son diferentes.<\/strong><\/p>\n<\/blockquote>\n<p>A la hora de elegir tambi\u00e9n tenemos que tener en cuenta la zona geogr\u00e1fica y la temperatura media de los pr\u00f3ximos meses dependiendo de la \u00e9poca del a\u00f1o.<\/p>\n<p>&nbsp;<\/p>\n<p>Para invierno optamos por algod\u00f3n certificado Oeko-Tex que es m\u00e1s gordito y abriga m\u00e1s.<\/p>\n<p><a href=\"https:\/\/oncoestetica.es\/outlet\/pack-gorros-basicos-inicio.html\"><img loading=\"lazy\" decoding=\"async\" class=\"alignnone size-full wp-image-5608\" src=\"https:\/\/oncoestetica.es\/blog\/wp-content\/uploads\/Captura-de-pantalla-2020-01-22-a-las-13.18.57.png\" alt=\"\" width=\"653\" height=\"656\" srcset=\"https:\/\/oncoestetica.es\/blog\/wp-content\/uploads\/Captura-de-pantalla-2020-01-22-a-las-13.18.57.png 653w, https:\/\/oncoestetica.es\/blog\/wp-content\/uploads\/Captura-de-pantalla-2020-01-22-a-las-13.18.57-150x150.png 150w, https:\/\/oncoestetica.es\/blog\/wp-content\/uploads\/Captura-de-pantalla-2020-01-22-a-las-13.18.57-300x300.png 300w\" sizes=\"auto, (max-width: 653px) 100vw, 653px\" \/><\/a><\/p>\n<p>En verano tambi\u00e9n podemos usar el gorros de dormir, aunque no es indispensable, para este periodo utiliza los que son de bamb\u00fa o el de la marca MASUMI que es m\u00e1s fino.<\/p>\n<p>&nbsp;<\/p>\n<p><a href=\"https:\/\/oncoestetica.es\/outlet\/pack-gorros-algodon-masumi.html\"><img loading=\"lazy\" decoding=\"async\" class=\"alignnone size-full wp-image-5613\" src=\"https:\/\/oncoestetica.es\/blog\/wp-content\/uploads\/Captura-de-pantalla-2020-01-22-a-las-13.18.02.png\" alt=\"\" width=\"655\" height=\"650\" srcset=\"https:\/\/oncoestetica.es\/blog\/wp-content\/uploads\/Captura-de-pantalla-2020-01-22-a-las-13.18.02.png 655w, https:\/\/oncoestetica.es\/blog\/wp-content\/uploads\/Captura-de-pantalla-2020-01-22-a-las-13.18.02-150x150.png 150w, https:\/\/oncoestetica.es\/blog\/wp-content\/uploads\/Captura-de-pantalla-2020-01-22-a-las-13.18.02-300x298.png 300w\" sizes=\"auto, (max-width: 655px) 100vw, 655px\" \/><\/a><\/p>\n<p style=\"text-align: center;\"><a href=\"https:\/\/oncoestetica.es\/categoria\/higiene-buco-dental\">CUIDADO DENTAL EN QUIMIOTERAPIA.<\/a><\/p>\n<p>&nbsp;<\/p>\n<blockquote>\n<p style=\"text-align: center;\">La piel y las mucosas sufren en muchos casos los efectos de la quimioterapia.<\/p>\n<\/blockquote>\n<p>&nbsp;<\/p>\n<p>Para paliar estos efectos secundarios y prevenir lesiones, los odont\u00f3logos recomiendan una limpieza exhaustiva con productos espec\u00edficos para el cuidado de las enc\u00edas.<\/p>\n<p>&nbsp;<\/p>\n<p><strong>En el pack cuidado dental<\/strong> encontrar\u00e9is un dent\u00edfrico suave de ingredientes naturales, un colutorio preventivo para enc\u00edas y un spray para lesiones o llagas de la mucosa bucal.<\/p>\n<p>Las llagas o aftas en la mucosa, son muchas veces, dif\u00edciles de evitar dependiendo de la farmacolog\u00eda que lleve el tratamiento.<\/p>\n<p>&nbsp;<\/p>\n<p>Para los casos en los que aparecen estas lesiones, recomendamos la aplicaci\u00f3n del Spray focal COLU-TEX, lo puedes llevar en el bolso y hacer uso de \u00e9l cuando notes molestias. Recuerda: es sin aclarado, debes dejar actuar el producto para reparar la mucosa y protegerla.<\/p>\n<p><a href=\"https:\/\/oncoestetica.es\/outlet\/pack-cuidado-buco-dental-quimioterapia.html\"><img loading=\"lazy\" decoding=\"async\" class=\"alignnone size-full wp-image-5609\" src=\"https:\/\/oncoestetica.es\/blog\/wp-content\/uploads\/Captura-de-pantalla-2020-01-22-a-las-13.17.37.png\" alt=\"\" width=\"660\" height=\"664\" srcset=\"https:\/\/oncoestetica.es\/blog\/wp-content\/uploads\/Captura-de-pantalla-2020-01-22-a-las-13.17.37.png 660w, https:\/\/oncoestetica.es\/blog\/wp-content\/uploads\/Captura-de-pantalla-2020-01-22-a-las-13.17.37-150x150.png 150w, https:\/\/oncoestetica.es\/blog\/wp-content\/uploads\/Captura-de-pantalla-2020-01-22-a-las-13.17.37-298x300.png 298w\" sizes=\"auto, (max-width: 660px) 100vw, 660px\" \/><\/a><\/p>\n<p>&nbsp;<\/p>\n<p>&nbsp;<\/p>\n<p style=\"text-align: center;\"><a href=\"https:\/\/oncoestetica.es\/categoria\/cejas-y-pestanas\"><strong>CEJAS Y OJOS DURANTE LOS TRATAMIENTOS ONCOL\u00d3GICOS.<\/strong><\/a><\/p>\n<p style=\"text-align: center;\"><a href=\"https:\/\/oncoestetica.es\/categoria\/cejas-y-pestanas\"><strong>P\u00c9RDIDA DE CEJAS Y PESTA\u00d1AS.<\/strong><\/a><\/p>\n<p>&nbsp;<\/p>\n<blockquote>\n<p style=\"text-align: center;\">La p\u00e9rdida de cejas y pesta\u00f1as suele ser uno de los efectos secundarios mas visibles durante la quimioterapia.<\/p>\n<\/blockquote>\n<p>&nbsp;<\/p>\n<p>La p\u00e9rdida de densidad en cejas y en pesta\u00f1as ofrece una imagen del ojo menos expresiva y triste.<\/p>\n<p><img loading=\"lazy\" decoding=\"async\" class=\"alignnone size-full wp-image-2890\" src=\"https:\/\/oncoestetica.es\/blog\/wp-content\/uploads\/alopecia-cejas-quimioterapia.jpg\" alt=\"alopecia cejas quimioterapia\" width=\"790\" height=\"527\" srcset=\"https:\/\/oncoestetica.es\/blog\/wp-content\/uploads\/alopecia-cejas-quimioterapia.jpg 790w, https:\/\/oncoestetica.es\/blog\/wp-content\/uploads\/alopecia-cejas-quimioterapia-300x200.jpg 300w\" sizes=\"auto, (max-width: 790px) 100vw, 790px\" \/><\/p>\n<p>Para recuperar la expresividad es muy importante hacer un maquillaje correctivo y adecuado con los productos espec\u00edficos que nos van ayudar a dar profundidad a la mirada.<\/p>\n<p>&nbsp;<\/p>\n<p>Por una parte, podemos hacer m\u00e1s hincapi\u00e9 en maquillar los ojos siendo m\u00e1s insistentes en la aplicaci\u00f3n de tonos oscuros en la ra\u00edz de las pesta\u00f1as.<\/p>\n<p>&nbsp;<\/p>\n<p>1\u00ba &#8211; Para conseguirlo te recomendamos el <strong>Kajal de Helan color Negro<\/strong>. Lleva una peque\u00f1a esponja que te ayuda a difuminar si lo necesitas. <strong>Apl\u00edcalo muy cerca de la ra\u00edz.<\/strong><\/p>\n<p>&nbsp;<\/p>\n<p>2\u00ba &#8211; Para las cejas, el mejor es el <strong>maquillaje de cejas Carebell EYEBROWS 10<\/strong> con plantillas incluidas, 97% de ingredientes naturales y sin parabenos.<\/p>\n<p>&nbsp;<\/p>\n<p>3\u00ba &#8211; <strong>Sombra Velvet efecto ahumado Jorge de la Garza.<\/strong><\/p>\n<p><a href=\"https:\/\/oncoestetica.es\/outlet\/pack-maquillaje-de-cejas-y-pestanas.html?search_query=pack&amp;results=14&amp;cate=\"><img loading=\"lazy\" decoding=\"async\" class=\"alignnone size-full wp-image-5610\" src=\"https:\/\/oncoestetica.es\/blog\/wp-content\/uploads\/Captura-de-pantalla-2020-01-22-a-las-13.04.10.png\" alt=\"\" width=\"661\" height=\"658\" srcset=\"https:\/\/oncoestetica.es\/blog\/wp-content\/uploads\/Captura-de-pantalla-2020-01-22-a-las-13.04.10.png 661w, https:\/\/oncoestetica.es\/blog\/wp-content\/uploads\/Captura-de-pantalla-2020-01-22-a-las-13.04.10-150x150.png 150w, https:\/\/oncoestetica.es\/blog\/wp-content\/uploads\/Captura-de-pantalla-2020-01-22-a-las-13.04.10-300x300.png 300w\" sizes=\"auto, (max-width: 661px) 100vw, 661px\" \/><\/a><\/p>\n<p>&nbsp;<\/p>\n<p style=\"text-align: center;\"><a href=\"https:\/\/oncoestetica.es\/buscar?fc=module&amp;module=leoproductsearch&amp;controller=productsearch&amp;orderby=position&amp;orderway=desc&amp;cate=&amp;search_query=pack+radioterapia\">PACKS PARA RADIOTERAPIA.<\/a><\/p>\n<p>&nbsp;<\/p>\n<blockquote>\n<p style=\"text-align: center;\">El cuidado de la piel durante la radioterapia es muy importante, determinadas lesiones producidas por la radiaci\u00f3n pueden llegar a interrumpir el tratamiento.<\/p>\n<\/blockquote>\n<p>&nbsp;<\/p>\n<p>Para el cuidado corporal es indispensable el uso de Geles de ducha sin detergentes agresivos o sin tensioactivos.<\/p>\n<p><a href=\"https:\/\/oncoestetica.es\/radioterapia-sativa\/pack-radioterapia-senos-y-cuerpo.html\"><img loading=\"lazy\" decoding=\"async\" class=\"alignnone size-full wp-image-5611\" src=\"https:\/\/oncoestetica.es\/blog\/wp-content\/uploads\/Captura-de-pantalla-2020-01-22-a-las-13.18.33.png\" alt=\"\" width=\"653\" height=\"654\" srcset=\"https:\/\/oncoestetica.es\/blog\/wp-content\/uploads\/Captura-de-pantalla-2020-01-22-a-las-13.18.33.png 653w, https:\/\/oncoestetica.es\/blog\/wp-content\/uploads\/Captura-de-pantalla-2020-01-22-a-las-13.18.33-150x150.png 150w, https:\/\/oncoestetica.es\/blog\/wp-content\/uploads\/Captura-de-pantalla-2020-01-22-a-las-13.18.33-300x300.png 300w\" sizes=\"auto, (max-width: 653px) 100vw, 653px\" \/><\/a><\/p>\n<p>&nbsp;<\/p>\n<p>&nbsp;<\/p>\n<p>Hidrataci\u00f3n con lociones corporales espec\u00edficas y protecci\u00f3n solar en las zonas expuestas.<\/p>\n<p>&nbsp;<\/p>\n<blockquote>\n<p style=\"text-align: center;\">La aplicaci\u00f3n de cremas espec\u00edficas por zona es una de las rutinas diarias de radioterapia m\u00e1s importantes, ya que estas cremas locales, act\u00faan reparando el da\u00f1o y evitando la aparici\u00f3n de efectos secundarios como manchas, radiodermitis, inflamaci\u00f3n, sequedad, lesiones, tirantez, picor, etc.<\/p>\n<\/blockquote>\n<p style=\"text-align: center;\"><a href=\"https:\/\/oncoestetica.es\/buscar?fc=module&amp;module=leoproductsearch&amp;controller=productsearch&amp;orderby=position&amp;orderway=desc&amp;cate=&amp;search_query=pack+radioterapia\"><strong>Ver m\u00e1s Packs de RADIOTERAPIA<\/strong><\/a><\/p>\n","protected":false},"excerpt":{"rendered":"<p>A menudo nos llaman para consultar que puede ser interesante regalar a un paciente de c\u00e1ncer. A la hora de hacer un regalo de este tipo podemos decantarnos por muchos art\u00edculos que vienen muy bien. &nbsp; COSM\u00c9TICA DURANTE LA QUIMIOTERAPIA &nbsp; Un acierto seguro es siempre la cosm\u00e9tica oncol\u00f3gica, el cuidado de la piel durante [&hellip;]<\/p>\n","protected":false},"author":1,"featured_media":5849,"comment_status":"open","ping_status":"closed","sticky":false,"template":"","format":"standard","meta":{"_et_pb_use_builder":"","_et_pb_old_content":"","_et_gb_content_width":"","footnotes":""},"categories":[7,22,12,1245,1284],"tags":[174,1422,55,54,193,203,1421,1420,52],"class_list":["post-5605","post","type-post","status-publish","format-standard","has-post-thumbnail","hentry","category-consejos","category-informacion","category-productos","category-quimioterapia","category-radioterapia","tag-cejas","tag-descuento","tag-gorros","tag-panuelos","tag-pestanas","tag-quimioterapia","tag-radiorerapia","tag-regalo","tag-turbantes"],"_links":{"self":[{"href":"https:\/\/oncoestetica.es\/blog\/index.php\/wp-json\/wp\/v2\/posts\/5605","targetHints":{"allow":["GET"]}}],"collection":[{"href":"https:\/\/oncoestetica.es\/blog\/index.php\/wp-json\/wp\/v2\/posts"}],"about":[{"href":"https:\/\/oncoestetica.es\/blog\/index.php\/wp-json\/wp\/v2\/types\/post"}],"author":[{"embeddable":true,"href":"https:\/\/oncoestetica.es\/blog\/index.php\/wp-json\/wp\/v2\/users\/1"}],"replies":[{"embeddable":true,"href":"https:\/\/oncoestetica.es\/blog\/index.php\/wp-json\/wp\/v2\/comments?post=5605"}],"version-history":[{"count":4,"href":"https:\/\/oncoestetica.es\/blog\/index.php\/wp-json\/wp\/v2\/posts\/5605\/revisions"}],"predecessor-version":[{"id":5616,"href":"https:\/\/oncoestetica.es\/blog\/index.php\/wp-json\/wp\/v2\/posts\/5605\/revisions\/5616"}],"wp:featuredmedia":[{"embeddable":true,"href":"https:\/\/oncoestetica.es\/blog\/index.php\/wp-json\/wp\/v2\/media\/5849"}],"wp:attachment":[{"href":"https:\/\/oncoestetica.es\/blog\/index.php\/wp-json\/wp\/v2\/media?parent=5605"}],"wp:term":[{"taxonomy":"category","embeddable":true,"href":"https:\/\/oncoestetica.es\/blog\/index.php\/wp-json\/wp\/v2\/categories?post=5605"},{"taxonomy":"post_tag","embeddable":true,"href":"https:\/\/oncoestetica.es\/blog\/index.php\/wp-json\/wp\/v2\/tags?post=5605"}],"curies":[{"name":"wp","href":"https:\/\/api.w.org\/{rel}","templated":true}]}}