{"id":588,"date":"2013-01-28T15:23:06","date_gmt":"2013-01-28T15:23:06","guid":{"rendered":"https:\/\/oncoestetica.es\/blog\/?p=588"},"modified":"2016-05-12T16:27:52","modified_gmt":"2016-05-12T16:27:52","slug":"estetica-oncologica-alopecia","status":"publish","type":"post","link":"https:\/\/oncoestetica.es\/blog\/index.php\/2013\/01\/28\/estetica-oncologica-alopecia\/","title":{"rendered":"Est\u00e9tica Oncol\u00f3gica, Pa\u00f1uelos Alopecia"},"content":{"rendered":"<p><a rel=\"attachment wp-att-589\" href=\"https:\/\/oncoestetica.es\/blog\/index.php\/2013\/01\/28\/estetica-oncologica-alopecia\/panuelos-estetica-oncologica\/\"><img loading=\"lazy\" decoding=\"async\" class=\"aligncenter size-medium wp-image-589\" title=\"pa\u00f1uelos-estetica-oncologica\" src=\"https:\/\/oncoestetica.es\/blog\/wp-content\/uploads\/pa\u00f1uelos-estetica-oncologica-300x300.jpg\" alt=\"\" width=\"300\" height=\"300\" srcset=\"https:\/\/oncoestetica.es\/blog\/wp-content\/uploads\/pa\u00f1uelos-estetica-oncologica-300x300.jpg 300w, https:\/\/oncoestetica.es\/blog\/wp-content\/uploads\/pa\u00f1uelos-estetica-oncologica-150x150.jpg 150w, https:\/\/oncoestetica.es\/blog\/wp-content\/uploads\/pa\u00f1uelos-estetica-oncologica.jpg 450w\" sizes=\"auto, (max-width: 300px) 100vw, 300px\" \/><\/a><\/p>\n<p style=\"text-align: justify;\"><strong>Est\u00e9tica Oncol\u00f3gica<\/strong>: Complementos perfectos para despu\u00e9s o durante procesos de Quimioterapia, Radioterapia y\/o Alopecia. Realizados con los tejidos id\u00f3neos para <strong>pieles sensibles<\/strong> y testeados por nuestros propios pacientes del <strong>Centro Capilar<\/strong>.<\/p>\n<p style=\"text-align: justify;\">Perfecta combinaci\u00f3n para todas tus necesidades. Trio de pa\u00f1uelos que consta de un pa\u00f1uelo para la calle, un turbante de lazo f\u00e1cil y un gorrito de dormir.<\/p>\n<p style=\"text-align: justify;\">Todo en interior de algod\u00f3n natural&#8230;<\/p>\n<p style=\"text-align: justify;\">&#8211; <strong>Pa\u00f1uelo Dhalia Country<\/strong>: tejido de invierno y forro de algod\u00f3n natural con lazo de atado f\u00e1cil.- <strong>Pa\u00f1uelo Dhalia Stretch<\/strong>: tejido de algod\u00f3n el\u00e1stico e interior en algod\u00f3n natural sin costuras.- <strong>Gorrito de Dormir Natalia<\/strong>: mantiene la temperatura de tu cuero cabelludo durante la noche. \u00a1imprescindible!<\/p>\n<p style=\"text-align: justify;\">*Dhalia Country + b\u00e1sico + gorrito de dormir. \u00a1\u00a1 SOLO 85\u20ac !! \u00a1\u00a1Env\u00edo gratis!!<\/p>\n","protected":false},"excerpt":{"rendered":"<p>Est\u00e9tica Oncol\u00f3gica: Complementos perfectos para despu\u00e9s o durante procesos de Quimioterapia, Radioterapia y\/o Alopecia. Realizados con los tejidos id\u00f3neos para pieles sensibles y testeados por nuestros propios pacientes del Centro Capilar. Perfecta combinaci\u00f3n para todas tus necesidades. Trio de pa\u00f1uelos que consta de un pa\u00f1uelo para la calle, un turbante de lazo f\u00e1cil y un [&hellip;]<\/p>\n","protected":false},"author":1,"featured_media":0,"comment_status":"open","ping_status":"closed","sticky":false,"template":"","format":"standard","meta":{"_et_pb_use_builder":"","_et_pb_old_content":"","_et_gb_content_width":"","footnotes":""},"categories":[7,22,12],"tags":[68,297,523,640,121,224,761,704,703,519,23,414,520,24,124,337,521,613],"class_list":["post-588","post","type-post","status-publish","format-standard","hentry","category-consejos","category-informacion","category-productos","tag-alopecia","tag-centro-capilar","tag-complementos-alopecia","tag-consejos-estetica-oncologica","tag-efectos-quimio","tag-estetica-oncologica","tag-estetica-oncologica-alopecia","tag-gorrito-para-dormir","tag-gorro-de-dormir","tag-gorros-alopecia","tag-gorros-quimio","tag-gorros-quimioterapia","tag-panuelos-alopecia","tag-panuelos-quimio","tag-panuelos-quimioterapia","tag-piel-sensible","tag-turbantes-alopecia","tag-turbantes-quimio"],"_links":{"self":[{"href":"https:\/\/oncoestetica.es\/blog\/index.php\/wp-json\/wp\/v2\/posts\/588","targetHints":{"allow":["GET"]}}],"collection":[{"href":"https:\/\/oncoestetica.es\/blog\/index.php\/wp-json\/wp\/v2\/posts"}],"about":[{"href":"https:\/\/oncoestetica.es\/blog\/index.php\/wp-json\/wp\/v2\/types\/post"}],"author":[{"embeddable":true,"href":"https:\/\/oncoestetica.es\/blog\/index.php\/wp-json\/wp\/v2\/users\/1"}],"replies":[{"embeddable":true,"href":"https:\/\/oncoestetica.es\/blog\/index.php\/wp-json\/wp\/v2\/comments?post=588"}],"version-history":[{"count":10,"href":"https:\/\/oncoestetica.es\/blog\/index.php\/wp-json\/wp\/v2\/posts\/588\/revisions"}],"predecessor-version":[{"id":3813,"href":"https:\/\/oncoestetica.es\/blog\/index.php\/wp-json\/wp\/v2\/posts\/588\/revisions\/3813"}],"wp:attachment":[{"href":"https:\/\/oncoestetica.es\/blog\/index.php\/wp-json\/wp\/v2\/media?parent=588"}],"wp:term":[{"taxonomy":"category","embeddable":true,"href":"https:\/\/oncoestetica.es\/blog\/index.php\/wp-json\/wp\/v2\/categories?post=588"},{"taxonomy":"post_tag","embeddable":true,"href":"https:\/\/oncoestetica.es\/blog\/index.php\/wp-json\/wp\/v2\/tags?post=588"}],"curies":[{"name":"wp","href":"https:\/\/api.w.org\/{rel}","templated":true}]}}