{"id":5912,"date":"2023-10-17T09:22:10","date_gmt":"2023-10-17T07:22:10","guid":{"rendered":"https:\/\/oncoestetica.es\/blog\/?p=5912"},"modified":"2024-02-21T13:34:26","modified_gmt":"2024-02-21T12:34:26","slug":"cuidar-cuero-cabelludo-quimioterapia","status":"publish","type":"post","link":"https:\/\/oncoestetica.es\/blog\/index.php\/2023\/10\/17\/cuidar-cuero-cabelludo-quimioterapia\/","title":{"rendered":"\u00bfC\u00f3mo cuidar el cuero cabelludo durante la quimioterapia?"},"content":{"rendered":"<p>[et_pb_section fb_built=\u00bb1&#8243; admin_label=\u00bbsection\u00bb _builder_version=\u00bb4.16&#8243; global_colors_info=\u00bb{}\u00bb custom_padding=\u00bb8px|||||\u00bb][et_pb_row admin_label=\u00bbrow\u00bb _builder_version=\u00bb4.16&#8243; background_size=\u00bbinitial\u00bb background_position=\u00bbtop_left\u00bb background_repeat=\u00bbrepeat\u00bb global_colors_info=\u00bb{}\u00bb custom_padding=\u00bb11px|||||\u00bb][et_pb_column type=\u00bb4_4&#8243; _builder_version=\u00bb4.16&#8243; custom_padding=\u00bb|||\u00bb global_colors_info=\u00bb{}\u00bb custom_padding__hover=\u00bb|||\u00bb][et_pb_image src=\u00bbhttps:\/\/oncoestetica.es\/blog\/wp-content\/uploads\/cuidar-cuero-cabelludo-quimio.jpg\u00bb _builder_version=\u00bb4.21.0&#8243; _module_preset=\u00bbdefault\u00bb title_text=\u00bbcuidar-cuero-cabelludo-quimio\u00bb hover_enabled=\u00bb0&#8243; sticky_enabled=\u00bb0&#8243;][\/et_pb_image][et_pb_text _builder_version=\u00bb4.21.0&#8243; _module_preset=\u00bbdefault\u00bb header_2_font=\u00bb|700|||||||\u00bb header_2_font_size=\u00bb22px\u00bb header_2_line_height=\u00bb1.7em\u00bb text_line_height=\u00bb2em\u00bb hover_enabled=\u00bb0&#8243; sticky_enabled=\u00bb0&#8243;]<\/p>\n<h2>\u00bfC\u00f3mo cuidar el cuero cabelludo durante la quimioterapia?<\/h2>\n<p>Uno de los efectos secundarios m\u00e1s comunes y particularmente visibles, que se da durante la quimioterapia, es la p\u00e9rdida de cabello, a la cual se le conoce como alopecia. En este art\u00edculo te proporcionamos una gu\u00eda para que sepas c\u00f3mo cuidar de tu cuero cabelludo durante la quimioterapia, minimizar la incomodidad de la p\u00e9rdida de cabello y mantener una imagen saludable y positiva.<\/p>\n<h2>Alopecia y quimioterapia<\/h2>\n<p>La alopecia es un efecto secundario com\u00fan de muchos tratamientos de quimioterapia. La quimioterapia ataca las c\u00e9lulas que crecen r\u00e1pidamente, incluyendo las c\u00e9lulas del cabello, lo que puede resultar en la p\u00e9rdida de cabello en el cuero cabelludo, las cejas, las pesta\u00f1as, los brazos, las piernas y el \u00e1rea p\u00fabica.<\/p>\n<p>Por experiencia, sabemos que hay personas que desarrollan efectos secundarios al tratamiento de quimioterapia, mientras que otras no. La aparici\u00f3n de estos efectos var\u00eda dependiendo del tratamiento, aunque pueden diferir entre pacientes que hayan recibido exactamente el mismo tratamiento.<\/p>\n<h2>Efectos secundarios m\u00e1s comunes<\/h2>\n<p>Los efectos secundarios m\u00e1s comunes que suelen padecer los pacientes sometidos a un tratamiento de quimioterapia son:<\/p>\n<ul>\n<li>Disminuci\u00f3n del nivel de c\u00e9lulas de la sangre<\/li>\n<li>Cansancio y fatiga<\/li>\n<li>N\u00e1useas, v\u00f3mitos y diarrea<\/li>\n<li>Estre\u00f1imiento<\/li>\n<li>Alteraci\u00f3n de la mucosa bucal<\/li>\n<li>Falta o p\u00e9rdida del apetito<\/li>\n<li>En las mujeres, cambios del ciclo menstrual<\/li>\n<li>Alteraciones en el cabello, piel y u\u00f1as<\/li>\n<\/ul>\n<h2>C\u00f3mo mitigar los efectos de la quimioterapia en el cuero cabelludo<\/h2>\n<p>La ca\u00edda del cabello es un efecto secundario habitual en los tratamientos por quimioterapia. Esta causada por la acci\u00f3n de distintos medicamentos que da\u00f1an el fol\u00edculo piloso causando la ca\u00edda del cabello.<br \/>\n[\/et_pb_text][et_pb_image src=\u00bbhttps:\/\/oncoestetica.es\/blog\/wp-content\/uploads\/cuidar-cuero-cabelludo-quimio-3.jpg\u00bb _builder_version=\u00bb4.21.0&#8243; _module_preset=\u00bbdefault\u00bb title_text=\u00bbcuidar-cuero-cabelludo-quimio-3&#8243; hover_enabled=\u00bb0&#8243; sticky_enabled=\u00bb0&#8243;][\/et_pb_image][et_pb_text _builder_version=\u00bb4.21.0&#8243; _module_preset=\u00bbdefault\u00bb header_2_font=\u00bb|700|||||||\u00bb header_2_font_size=\u00bb22px\u00bb header_2_line_height=\u00bb1.7em\u00bb text_line_height=\u00bb2em\u00bb hover_enabled=\u00bb0&#8243; sticky_enabled=\u00bb0&#8243;]<\/p>\n<h2>Antes de la ca\u00edda del cabello<\/h2>\n<p>Antes de que empiece a caerse el cabello se recomienda emplear siempre un champ\u00fa hidratante para el cuero cabelludo. Al mismo tiempo debe evitarse el uso de secadores o planchas para el cabello, mejor secar suavemente con una toalla.<\/p>\n<ul>\n<li>Se desaconseja usar productos qu\u00edmicos. Tintes, decoloraci\u00f3n, rizadores\u2026<\/li>\n<\/ul>\n<h2>Cuando ya se ha ca\u00eddo el cabello<\/h2>\n<p>Al caerse el cabello, el cuero cabelludo queda expuesto a la acci\u00f3n de la radiaci\u00f3n UV. Si no se ha optado por el uso de una peluca o una pr\u00f3tesis capilar, se debe proteger la cabeza al salir al exterior, ya sea usando sombrero o pa\u00f1uelo, ya sea aplicando protecci\u00f3n solar.<\/p>\n<h2>Cuidados espec\u00edficos durante la quimioterapia<\/h2>\n<p>Durante la quimioterapia, es esencial para los pacientes oncol\u00f3gicos hidratar bien el cuero cabelludo, tanto por dentro, con agua, como por fuera con champ\u00fas y lociones hidratantes adecuadas.[\/et_pb_text][et_pb_image src=\u00bbhttps:\/\/oncoestetica.es\/blog\/wp-content\/uploads\/cuidar-cuero-cabelludo-quimio-2.jpg\u00bb _builder_version=\u00bb4.21.0&#8243; _module_preset=\u00bbdefault\u00bb title_text=\u00bbcuidar-cuero-cabelludo-quimio-2&#8243; align=\u00bbcenter\u00bb hover_enabled=\u00bb0&#8243; sticky_enabled=\u00bb0&#8243;][\/et_pb_image][et_pb_text _builder_version=\u00bb4.21.0&#8243; _module_preset=\u00bbdefault\u00bb header_2_font=\u00bb|700|||||||\u00bb header_2_font_size=\u00bb22px\u00bb header_2_line_height=\u00bb1.7em\u00bb text_line_height=\u00bb2em\u00bb hover_enabled=\u00bb0&#8243; sticky_enabled=\u00bb0&#8243;]<\/p>\n<h2>Durante la quimioterapia<\/h2>\n<p>Para cuidar el cuero cabelludo durante la quimioterapia, se propone un cuidado en 3 fases:<\/p>\n<p><strong>FASE 1:<\/strong> lavado suave con champ\u00fa hidratante o para piel sensible.<br \/>\n<strong><a href=\"https:\/\/oncoestetica.es\/cosmetica-cuero-cabelludo-oncologia\/523-apivita-champu-hidratante-cuero-cabelludo-seco-5201279049621.html\">[Ver producto]<\/a><\/strong><\/p>\n<h2>Tras finalizar las sesiones de quimioterapia:<\/h2>\n<p><strong>Fase 2:<\/strong> Regeneraci\u00f3n y crecimiento del cabello, aplicar MUCOTRIC ESTIMULANTE CAPILAR<br \/>\n<strong><a href=\"https:\/\/oncoestetica.es\/cosmetica-cuero-cabelludo-oncologia\/16-estimulante-crecimiento-cabello-mucotric-sin-parabenes-8436604451016.html\">[Enlace Mucotric]<\/a><\/strong><br \/>\n<strong>Fase 3:<\/strong> durante 3-4 meses, nutrici\u00f3n: Mientras observemos mejor\u00eda continuar aplicando MUCOTRIC. Si deseamos realizar la primera coloraci\u00f3n del cabello, realizar un test de alergia previo y aplicar tintes SIN PPD ni AMONIACO.<br \/>\n<strong><a href=\"https:\/\/oncoestetica.es\/90-tintes-apivita-sin-ppd-oncologia\">[Enlace tintes APIVITA]<\/a><\/strong><br \/>\nEs importante que tengas en cuenta que es conveniente evitar el uso de tintes para el cabello como m\u00ednimo hasta 3-4 meses despu\u00e9s de haber finalizado el tratamiento.[\/et_pb_text][et_pb_text _builder_version=\u00bb4.21.0&#8243; _module_preset=\u00bbdefault\u00bb header_2_font=\u00bb|700|||||||\u00bb header_2_font_size=\u00bb22px\u00bb header_2_line_height=\u00bb1.7em\u00bb text_line_height=\u00bb2em\u00bb hover_enabled=\u00bb0&#8243; sticky_enabled=\u00bb0&#8243;]<\/p>\n<h2>\u00bfCuando vuelve a crecer el cabello?<\/h2>\n<p>Despu\u00e9s de la quimioterapia, el cabello vuelve a crecer siempre. Cuando nace, puede hacerlo con una textura diferente a la original, en ocasiones m\u00e1s rizado o con m\u00e1s canas.<\/p>\n<ul>\n<li>Cuando un cabello crece a trav\u00e9s de una piel cuidada durante el proceso oncol\u00f3gico, hace que este crezca m\u00e1s fuerte y sano.<\/li>\n<\/ul>\n<h2>Cuidado de la piel durante la quimioterapia<\/h2>\n<p>La quimioterapia puede da\u00f1ar las c\u00e9lulas de crecimiento r\u00e1pido de la piel y de las u\u00f1as, conllevando problemas de sequedad de la piel, prurito, enrojecimiento o descamaci\u00f3n.<br \/>\nDurante el tratamiento, se recomienda mantener la piel siempre hidratada. Beber mucha agua tambi\u00e9n ayudar\u00e1 a mantener la piel h\u00fameda y sana.<\/p>\n<h2>Protecci\u00f3n del cuero cabelludo<\/h2>\n<p>Proteger el cuero cabelludo es vital para mantener la salud de la piel y el cabello. Aqu\u00ed hay algunos consejos para proteger el cuero cabelludo durante y despu\u00e9s de la quimioterapia:<\/p>\n<ul>\n<li>Usa un gorro de algod\u00f3n  o bamb\u00fa suave para dormir.<\/li>\n<li>Evita los tintes y otros productos qu\u00edmicos.<\/li>\n<li>Mant\u00e9n la cabeza cubierta cuando est\u00e9s al aire libre.<\/li>\n<li>Mant\u00e9n la cabeza limpia e hidratada.<\/li>\n<li>Bebe mucha agua para mantener la piel hidratada desde el interior.<\/li>\n<\/ul>\n<h2>Cuidado posterior al tratamiento<\/h2>\n<p>Una vez que el tratamiento ha terminado y el cabello ha comenzado a crecer nuevamente, es importante continuar cuidando el cuero cabelludo. Esto incluye mantener el cuero cabelludo limpio e hidratado, y continuar evitando productos qu\u00edmicos agresivos como los tintes para el cabello.<\/p>\n<p>El cuidado del cuero cabelludo durante la quimioterapia es crucial para minimizar la incomodidad y mantener una imagen saludable y positiva. Aunque la ca\u00edda del cabello puede ser un desaf\u00edo, existen muchas estrategias y productos disponibles para ayudar a manejar este efecto secundario. Recuerda, cada persona es diferente y lo que funciona para una persona puede no funcionar para otra. Es importante comunicarse con tu equipo de atenci\u00f3n m\u00e9dica para discutir cu\u00e1l podr\u00eda ser la mejor estrategia para ti.[\/et_pb_text][\/et_pb_column][\/et_pb_row][\/et_pb_section]<\/p>\n","protected":false},"excerpt":{"rendered":"<p>\u00bfC\u00f3mo cuidar el cuero cabelludo durante la quimioterapia? Uno de los efectos secundarios m\u00e1s comunes y particularmente visibles, que se da durante la quimioterapia, es la p\u00e9rdida de cabello, a la cual se le conoce como alopecia. En este art\u00edculo te proporcionamos una gu\u00eda para que sepas c\u00f3mo cuidar de tu cuero cabelludo durante la [&hellip;]<\/p>\n","protected":false},"author":1,"featured_media":5913,"comment_status":"open","ping_status":"closed","sticky":false,"template":"","format":"standard","meta":{"_et_pb_use_builder":"on","_et_pb_old_content":"","_et_gb_content_width":"","footnotes":""},"categories":[1],"tags":[],"class_list":["post-5912","post","type-post","status-publish","format-standard","has-post-thumbnail","hentry","category-sin-categoria"],"_links":{"self":[{"href":"https:\/\/oncoestetica.es\/blog\/index.php\/wp-json\/wp\/v2\/posts\/5912","targetHints":{"allow":["GET"]}}],"collection":[{"href":"https:\/\/oncoestetica.es\/blog\/index.php\/wp-json\/wp\/v2\/posts"}],"about":[{"href":"https:\/\/oncoestetica.es\/blog\/index.php\/wp-json\/wp\/v2\/types\/post"}],"author":[{"embeddable":true,"href":"https:\/\/oncoestetica.es\/blog\/index.php\/wp-json\/wp\/v2\/users\/1"}],"replies":[{"embeddable":true,"href":"https:\/\/oncoestetica.es\/blog\/index.php\/wp-json\/wp\/v2\/comments?post=5912"}],"version-history":[{"count":3,"href":"https:\/\/oncoestetica.es\/blog\/index.php\/wp-json\/wp\/v2\/posts\/5912\/revisions"}],"predecessor-version":[{"id":5920,"href":"https:\/\/oncoestetica.es\/blog\/index.php\/wp-json\/wp\/v2\/posts\/5912\/revisions\/5920"}],"wp:featuredmedia":[{"embeddable":true,"href":"https:\/\/oncoestetica.es\/blog\/index.php\/wp-json\/wp\/v2\/media\/5913"}],"wp:attachment":[{"href":"https:\/\/oncoestetica.es\/blog\/index.php\/wp-json\/wp\/v2\/media?parent=5912"}],"wp:term":[{"taxonomy":"category","embeddable":true,"href":"https:\/\/oncoestetica.es\/blog\/index.php\/wp-json\/wp\/v2\/categories?post=5912"},{"taxonomy":"post_tag","embeddable":true,"href":"https:\/\/oncoestetica.es\/blog\/index.php\/wp-json\/wp\/v2\/tags?post=5912"}],"curies":[{"name":"wp","href":"https:\/\/api.w.org\/{rel}","templated":true}]}}