{"id":747,"date":"2013-05-28T10:00:35","date_gmt":"2013-05-28T10:00:35","guid":{"rendered":"https:\/\/oncoestetica.es\/blog\/?p=747"},"modified":"2016-05-12T15:35:10","modified_gmt":"2016-05-12T15:35:10","slug":"alteracion-nutricional-cancer","status":"publish","type":"post","link":"https:\/\/oncoestetica.es\/blog\/index.php\/2013\/05\/28\/alteracion-nutricional-cancer\/","title":{"rendered":"Alteraci\u00f3n Nutricional y C\u00e1ncer"},"content":{"rendered":"<p><a rel=\"attachment wp-att-748\" href=\"https:\/\/oncoestetica.es\/blog\/index.php\/2013\/05\/28\/alteracion-nutricional-y-cancer\/nutricion\/\"><img loading=\"lazy\" decoding=\"async\" class=\"aligncenter size-medium wp-image-748\" title=\"nutricion\" src=\"https:\/\/oncoestetica.es\/blog\/wp-content\/uploads\/nutricion-283x300.jpg\" alt=\"\" width=\"283\" height=\"300\" srcset=\"https:\/\/oncoestetica.es\/blog\/wp-content\/uploads\/nutricion-283x300.jpg 283w, https:\/\/oncoestetica.es\/blog\/wp-content\/uploads\/nutricion.jpg 300w\" sizes=\"auto, (max-width: 283px) 100vw, 283px\" \/><\/a>Estrategia Nutricional<\/p>\n<ul>\n<li><span style=\"text-decoration: underline;\">Nivel preventivo<\/span>: partir de un buen estado nutricional del paciente<\/li>\n<li><span style=\"text-decoration: underline;\">Nivel coadyuvante<\/span>: nutrici\u00f3n espec\u00edfica para afrontar el tratamiento antitumoral.<\/li>\n<li><span style=\"text-decoration: underline;\">Nivel paliativo<\/span>: En pacientes en fase terminal para aliviar los trastornos producidos por la enfermedad.<\/li>\n<\/ul>\n<p>Problemas Nutricionales m\u00e1s frecuentes:<\/p>\n<ul>\n<li>Estados de anorexia y trastornos del apetito<\/li>\n<li>N\u00e1useas y v\u00f3mitos<\/li>\n<li>Boca seca<\/li>\n<li>Boca y garganta dolorida<\/li>\n<li>Diarrea, estre\u00f1imiento<\/li>\n<li>Molestias g\u00e1stricas<\/li>\n<\/ul>\n<p>&nbsp;<\/p>\n","protected":false},"excerpt":{"rendered":"<p>Estrategia Nutricional Nivel preventivo: partir de un buen estado nutricional del paciente Nivel coadyuvante: nutrici\u00f3n espec\u00edfica para afrontar el tratamiento antitumoral. Nivel paliativo: En pacientes en fase terminal para aliviar los trastornos producidos por la enfermedad. Problemas Nutricionales m\u00e1s frecuentes: Estados de anorexia y trastornos del apetito N\u00e1useas y v\u00f3mitos Boca seca Boca y garganta [&hellip;]<\/p>\n","protected":false},"author":1,"featured_media":0,"comment_status":"open","ping_status":"closed","sticky":false,"template":"","format":"standard","meta":{"_et_pb_use_builder":"","_et_pb_old_content":"","_et_gb_content_width":"","footnotes":""},"categories":[7,22],"tags":[811,292,812,815,224,807,813,814],"class_list":["post-747","post","type-post","status-publish","format-standard","hentry","category-consejos","category-informacion","tag-alteracion-nutricional","tag-cancer","tag-cancer-y-alimentos","tag-cancer-y-nutricion","tag-estetica-oncologica","tag-nutricion-y-cancer","tag-problema-alimentacion-cancer","tag-problemas-alimentacion"],"_links":{"self":[{"href":"https:\/\/oncoestetica.es\/blog\/index.php\/wp-json\/wp\/v2\/posts\/747","targetHints":{"allow":["GET"]}}],"collection":[{"href":"https:\/\/oncoestetica.es\/blog\/index.php\/wp-json\/wp\/v2\/posts"}],"about":[{"href":"https:\/\/oncoestetica.es\/blog\/index.php\/wp-json\/wp\/v2\/types\/post"}],"author":[{"embeddable":true,"href":"https:\/\/oncoestetica.es\/blog\/index.php\/wp-json\/wp\/v2\/users\/1"}],"replies":[{"embeddable":true,"href":"https:\/\/oncoestetica.es\/blog\/index.php\/wp-json\/wp\/v2\/comments?post=747"}],"version-history":[{"count":7,"href":"https:\/\/oncoestetica.es\/blog\/index.php\/wp-json\/wp\/v2\/posts\/747\/revisions"}],"predecessor-version":[{"id":3706,"href":"https:\/\/oncoestetica.es\/blog\/index.php\/wp-json\/wp\/v2\/posts\/747\/revisions\/3706"}],"wp:attachment":[{"href":"https:\/\/oncoestetica.es\/blog\/index.php\/wp-json\/wp\/v2\/media?parent=747"}],"wp:term":[{"taxonomy":"category","embeddable":true,"href":"https:\/\/oncoestetica.es\/blog\/index.php\/wp-json\/wp\/v2\/categories?post=747"},{"taxonomy":"post_tag","embeddable":true,"href":"https:\/\/oncoestetica.es\/blog\/index.php\/wp-json\/wp\/v2\/tags?post=747"}],"curies":[{"name":"wp","href":"https:\/\/api.w.org\/{rel}","templated":true}]}}